{"id":1258,"date":"2022-05-03T10:57:19","date_gmt":"2022-05-03T09:57:19","guid":{"rendered":"http:\/\/radim.martynek.cz\/?p=1258"},"modified":"2022-05-11T11:41:49","modified_gmt":"2022-05-11T10:41:49","slug":"radim-uzel-a-jeho-vyjimecnost","status":"publish","type":"post","link":"https:\/\/radim.martynek.cz\/?p=1258","title":{"rendered":"Radim Uzel a jeho v\u00fdjime\u010dnost"},"content":{"rendered":"\n<p>V&nbsp;pond\u011bl\u00ed 02.05.2022 ode\u0161el MUDr. Radim Uzel, CSc., kter\u00fd bavil tis\u00edce lid\u00ed tady a kter\u00fd te\u010f bude bavit miliony du\u0161\u00ed tam naho\u0159e.<\/p>\n\n\n\n<p>O jeho neutuchaj\u00edc\u00edm smyslu pro humor sv\u011bd\u010d\u00ed fakt, \u017ee si t\u00fdden p\u0159ed sv\u00fdm skonem zavolal Jana Hradila, biskupa c\u00edrkve husitsk\u00e9, a na\u0159\u00eddil mu, aby na poh\u0159bu <strong>\u0159ekl p\u00e1r vtip\u016f, aby rozesm\u00e1l p\u0159\u00edtomn\u00e9.<\/strong><\/p>\n\n\n\n<p>U\u017e ani nev\u00edm, kdy jsme se potkali poprv\u00e9 (snad 2010), ale v\u00edm, \u017ee to bylo v\u00a0kav\u00e1rn\u011b Slavia naproti N\u00e1rodn\u00edmu divadlu. P\u0159\u00e1l jsem si, aby p\u0159edn\u00e1\u0161el m\u00fdm klient\u016fm, proto\u017ee jeho one-man-show <strong>Novinky v lidsk\u00e9 sexualit\u011b na p\u0159elomu 3. tis\u00edcilet\u00ed aneb sexu\u00e1ln\u00ed hara\u0161en\u00ed na pracovi\u0161ti<\/strong> zp\u016fsobovala bolesti br\u00e1nice \ud83d\ude00 Lid\u00e9 \u0159vali sm\u00edchy a Radim Uzel si to um\u011bl u\u017e\u00edt.<\/p>\n\n\n\n<p>Kdy\u017e jsem se ho v&nbsp;kav\u00e1rn\u011b, v&nbsp;n\u00ed\u017e sed\u00e1vali Karel a Josef \u010capkovi, Arno\u0161t Lustig, teoretici um\u011bn\u00ed Karel Teige a V\u00e1clav \u010cern\u00fd, b\u00e1sn\u00edci V\u00edt\u011bzslav Nezval a Jaroslav Seifert, mal\u00ed\u0159i Jan Zrzav\u00fd a V\u00e1clav \u0160p\u00e1la, zeptal, jak\u00e9 t\u00e9ma p\u0159edn\u00e1\u0161\u00ed nejrad\u011bji, odpov\u011bd\u011bl:<\/p>\n\n\n\n<p class=\"has-text-align-center\"><em>\u201eZrovna dneska m\u00e1m 3hodinovou p\u0159edn\u00e1\u0161ku na t\u00e9ma OR\u00c1LN\u00cd SEX!\u201c<\/em><\/p>\n\n\n\n<p>Vyd\u011bsil jsem se a \u0161eptem se zeptal:<\/p>\n\n\n\n<p class=\"has-text-align-center\"><em>\u201eT\u0159i hodiny? To se d\u00e1 mluvit o or\u00e1ln\u00edm sexu tak dlouho?\u201c<\/em><\/p>\n\n\n\n<p>Zeptat se byla obrovsk\u00e1 chyba \ud83d\ude00 Radim Uzel se svou energi\u010dnost\u00ed a zvu\u010dn\u00fdm hlasem za\u010dal v&nbsp;narvan\u00e9 kav\u00e1rn\u011b nahlas vypr\u00e1v\u011bt o or\u00e1ln\u00edm sexu. Lid\u00e9 kolem se bavili, person\u00e1l tak tak zvl\u00e1dal balanc, kdy\u017e se chichotal\u2026 jen cizinci nech\u00e1pali, kdo to sed\u00ed u na\u0161eho stolku.<\/p>\n\n\n\n<p>Radim je kmotrem m\u00e9ho prvn\u00edho rom\u00e1nu (On) a konzultantem mi byl i p\u0159i psan\u00ed druh\u00e9ho rom\u00e1nu (Ona). Kdy\u017e mi v&nbsp;roce 2019 k\u0159til \u2013 coby soudn\u00ed znalec v&nbsp;oboru sexuologie \u2013 prvn\u00ed rom\u00e1n, pronesl <a href=\"https:\/\/youtu.be\/AJTbCVmdids?t=250\">n\u00e1dhern\u00e1 slova<\/a>:<\/p>\n\n\n\n<p class=\"has-text-align-center\"><em>\u201eNeexistuje pras\u00e1rna, kterou bych j\u00e1 v&nbsp;\u017eivot\u011b nem\u011bl na psac\u00edm stole. K&nbsp;posouzen\u00ed. Nen\u00ed mnoho v\u011bc\u00ed, kter\u00e9 by m\u011b mohly p\u0159ekvapit\u2026 Ale v&nbsp;t\u00e9hle knize je n\u011bkolik v\u011bc\u00ed, kter\u00e9 jsem se od V\u00e1s, pane Martynku, dozv\u011bd\u011bl. Po pades\u00e1ti letech se mi je\u0161t\u011b otev\u0159ely obzory\u2026\u201c<\/em><\/p>\n\n\n\n<p>V&nbsp;roce 2014 jsme se potkali v&nbsp;<a href=\"http:\/\/www.ceskatelevize.cz\/porady\/10435049455-dobre-rano\/414236100071069\/?video&amp;index=339859#video\">Dobr\u00e9m r\u00e1nu<\/a> \u010cesk\u00e9 televize a p\u0159i posledn\u00edm na\u0161em setk\u00e1n\u00ed zase vy\u0159kl p\u0159\u00e1n\u00ed, \u017ee na jeho poh\u0159bu se mus\u00ed v\u0161ichni sm\u00e1t! Byl to prost\u011b \u0161oumen!<\/p>\n\n\n\n<p>S&nbsp;obdivem Radim M.<\/p>\n\n\n\n<div class=\"wp-block-image\"><figure class=\"aligncenter size-full\"><a href=\"https:\/\/www.booktook.cz\/p\/zivotopis-bez-cenzury-9788087717363\/\"><img loading=\"lazy\" decoding=\"async\" width=\"347\" height=\"519\" src=\"https:\/\/radim.martynek.cz\/wp-content\/uploads\/ru.jpeg\" alt=\"\" class=\"wp-image-1259\" srcset=\"https:\/\/radim.martynek.cz\/wp-content\/uploads\/ru.jpeg 347w, https:\/\/radim.martynek.cz\/wp-content\/uploads\/ru-201x300.jpeg 201w\" sizes=\"auto, (max-width: 347px) 100vw, 347px\" \/><\/a><\/figure><\/div>\n","protected":false},"excerpt":{"rendered":"<p>V&nbsp;pond\u011bl\u00ed 02.05.2022 ode\u0161el MUDr. Radim Uzel, CSc., kter\u00fd bavil tis\u00edce lid\u00ed tady a kter\u00fd te\u010f bude bavit miliony du\u0161\u00ed tam naho\u0159e. O jeho neutuchaj\u00edc\u00edm smyslu pro humor sv\u011bd\u010d\u00ed fakt, \u017ee si t\u00fdden p\u0159ed sv\u00fdm skonem zavolal Jana Hradila, biskupa c\u00edrkve husitsk\u00e9, a na\u0159\u00eddil mu, aby na poh\u0159bu \u0159ekl p\u00e1r vtip\u016f, aby rozesm\u00e1l p\u0159\u00edtomn\u00e9. U\u017e ani&#8230;<\/p>\n","protected":false},"author":10,"featured_media":0,"comment_status":"closed","ping_status":"closed","sticky":false,"template":"","format":"standard","meta":{"footnotes":""},"categories":[4],"tags":[],"class_list":["post-1258","post","type-post","status-publish","format-standard","hentry","category-ze-zivota"],"_links":{"self":[{"href":"https:\/\/radim.martynek.cz\/index.php?rest_route=\/wp\/v2\/posts\/1258","targetHints":{"allow":["GET"]}}],"collection":[{"href":"https:\/\/radim.martynek.cz\/index.php?rest_route=\/wp\/v2\/posts"}],"about":[{"href":"https:\/\/radim.martynek.cz\/index.php?rest_route=\/wp\/v2\/types\/post"}],"author":[{"embeddable":true,"href":"https:\/\/radim.martynek.cz\/index.php?rest_route=\/wp\/v2\/users\/10"}],"replies":[{"embeddable":true,"href":"https:\/\/radim.martynek.cz\/index.php?rest_route=%2Fwp%2Fv2%2Fcomments&post=1258"}],"version-history":[{"count":4,"href":"https:\/\/radim.martynek.cz\/index.php?rest_route=\/wp\/v2\/posts\/1258\/revisions"}],"predecessor-version":[{"id":1265,"href":"https:\/\/radim.martynek.cz\/index.php?rest_route=\/wp\/v2\/posts\/1258\/revisions\/1265"}],"wp:attachment":[{"href":"https:\/\/radim.martynek.cz\/index.php?rest_route=%2Fwp%2Fv2%2Fmedia&parent=1258"}],"wp:term":[{"taxonomy":"category","embeddable":true,"href":"https:\/\/radim.martynek.cz\/index.php?rest_route=%2Fwp%2Fv2%2Fcategories&post=1258"},{"taxonomy":"post_tag","embeddable":true,"href":"https:\/\/radim.martynek.cz\/index.php?rest_route=%2Fwp%2Fv2%2Ftags&post=1258"}],"curies":[{"name":"wp","href":"https:\/\/api.w.org\/{rel}","templated":true}]}}