{"id":1290,"date":"2022-05-25T05:36:48","date_gmt":"2022-05-25T04:36:48","guid":{"rendered":"http:\/\/radim.martynek.cz\/?p=1290"},"modified":"2022-05-25T06:07:52","modified_gmt":"2022-05-25T05:07:52","slug":"o-prechylovani-neprechylenych-zenskych-prijmeni","status":"publish","type":"post","link":"https:\/\/radim.martynek.cz\/?p=1290","title":{"rendered":"O p\u0159echylov\u00e1n\u00ed nep\u0159ech\u00fdlen\u00fdch \u017eensk\u00fdch p\u0159\u00edjmen\u00ed"},"content":{"rendered":"\n<p>Ned\u00e1vno si mi kamar\u00e1dka st\u011b\u017eovala: <em>\u201eNorm\u00e1ln\u011b si p\u0159edstav, \u017ee m\u011b u\u010ditelka ve \u0161kolce oslovila \u201apan\u00ed Nov\u00e1kov\u00e1\u2018, a\u010dkoli v\u00ed, \u017ee jsem \u201aNov\u00e1k\u2018!\u201c<\/em><\/p>\n\n\n\n<p>Z\u00e1kon o matrik\u00e1ch ji\u017e v&nbsp;roce 2001 umo\u017e\u0148oval \u2013 p\u0159i spln\u011bn\u00ed jednoho ze \u010dty\u0159 z\u00e1konem taxativn\u011b stanoven\u00fdch d\u016fvod\u016f \u2013 aby si \u017eena ponechala nep\u0159ech\u00fdlen\u00fd tvar. Novela z&nbsp;roku 2021 d\u016fvody ru\u0161\u00ed a \u017eena si m\u016f\u017ee kdykoli po\u017e\u00e1dat o mo\u017enost pou\u017e\u00edvat mu\u017esk\u00fd tvar (bez -ov\u00e1).<\/p>\n\n\n\n<p><strong>To se v\u0161ak t\u00fdk\u00e1 pouze \u00fa\u0159edn\u00ed komunikace.<\/strong> Ve ve\u0159ejn\u00e9m sektoru \u2013 mimo \u00fa\u0159ad \u2013 lze \u017eenu oslovovat i nad\u00e1le p\u0159ech\u00fdlen\u00fdm tvarem. Tedy i ve \u0161kolce, v&nbsp;zam\u011bstn\u00e1n\u00ed, na p\u00edse\u010dku \u010di v&nbsp;supermarketu m\u016f\u017ee b\u00fdt \u201apan\u00ed Nov\u00e1k\u2018 oslovov\u00e1na \u201apan\u00ed Nov\u00e1kov\u00e1\u2018.<\/p>\n\n\n\n<p>V\u00edce v\u00a0publikaci P\u00edsemn\u00e1 komunikace v\u00a0praxi na <a href=\"http:\/\/www.JakNaDopisy.cz\">www.JakNaDopisy.cz<\/a>. \u00a0<\/p>\n\n\n\n<div class=\"wp-block-image\"><figure class=\"aligncenter size-full\"><img loading=\"lazy\" decoding=\"async\" width=\"619\" height=\"776\" src=\"https:\/\/radim.martynek.cz\/wp-content\/uploads\/spisovatel.jpg\" alt=\"\" class=\"wp-image-1293\" srcset=\"https:\/\/radim.martynek.cz\/wp-content\/uploads\/spisovatel.jpg 619w, https:\/\/radim.martynek.cz\/wp-content\/uploads\/spisovatel-239x300.jpg 239w\" sizes=\"auto, (max-width: 619px) 100vw, 619px\" \/><\/figure><\/div>\n","protected":false},"excerpt":{"rendered":"<p>Ned\u00e1vno si mi kamar\u00e1dka st\u011b\u017eovala: \u201eNorm\u00e1ln\u011b si p\u0159edstav, \u017ee m\u011b u\u010ditelka ve \u0161kolce oslovila \u201apan\u00ed Nov\u00e1kov\u00e1\u2018, a\u010dkoli v\u00ed, \u017ee jsem \u201aNov\u00e1k\u2018!\u201c Z\u00e1kon o matrik\u00e1ch ji\u017e v&nbsp;roce 2001 umo\u017e\u0148oval \u2013 p\u0159i spln\u011bn\u00ed jednoho ze \u010dty\u0159 z\u00e1konem taxativn\u011b stanoven\u00fdch d\u016fvod\u016f \u2013 aby si \u017eena ponechala nep\u0159ech\u00fdlen\u00fd tvar. Novela z&nbsp;roku 2021 d\u016fvody ru\u0161\u00ed a \u017eena si m\u016f\u017ee kdykoli&#8230;<\/p>\n","protected":false},"author":10,"featured_media":0,"comment_status":"closed","ping_status":"closed","sticky":false,"template":"","format":"standard","meta":{"footnotes":""},"categories":[5],"tags":[],"class_list":["post-1290","post","type-post","status-publish","format-standard","hentry","category-z-prace"],"_links":{"self":[{"href":"https:\/\/radim.martynek.cz\/index.php?rest_route=\/wp\/v2\/posts\/1290","targetHints":{"allow":["GET"]}}],"collection":[{"href":"https:\/\/radim.martynek.cz\/index.php?rest_route=\/wp\/v2\/posts"}],"about":[{"href":"https:\/\/radim.martynek.cz\/index.php?rest_route=\/wp\/v2\/types\/post"}],"author":[{"embeddable":true,"href":"https:\/\/radim.martynek.cz\/index.php?rest_route=\/wp\/v2\/users\/10"}],"replies":[{"embeddable":true,"href":"https:\/\/radim.martynek.cz\/index.php?rest_route=%2Fwp%2Fv2%2Fcomments&post=1290"}],"version-history":[{"count":3,"href":"https:\/\/radim.martynek.cz\/index.php?rest_route=\/wp\/v2\/posts\/1290\/revisions"}],"predecessor-version":[{"id":1295,"href":"https:\/\/radim.martynek.cz\/index.php?rest_route=\/wp\/v2\/posts\/1290\/revisions\/1295"}],"wp:attachment":[{"href":"https:\/\/radim.martynek.cz\/index.php?rest_route=%2Fwp%2Fv2%2Fmedia&parent=1290"}],"wp:term":[{"taxonomy":"category","embeddable":true,"href":"https:\/\/radim.martynek.cz\/index.php?rest_route=%2Fwp%2Fv2%2Fcategories&post=1290"},{"taxonomy":"post_tag","embeddable":true,"href":"https:\/\/radim.martynek.cz\/index.php?rest_route=%2Fwp%2Fv2%2Ftags&post=1290"}],"curies":[{"name":"wp","href":"https:\/\/api.w.org\/{rel}","templated":true}]}}