{"id":1296,"date":"2022-05-27T07:56:43","date_gmt":"2022-05-27T06:56:43","guid":{"rendered":"http:\/\/radim.martynek.cz\/?p=1296"},"modified":"2024-04-11T06:50:27","modified_gmt":"2024-04-11T05:50:27","slug":"skola-nebo-skla","status":"publish","type":"post","link":"https:\/\/radim.martynek.cz\/?p=1296","title":{"rendered":"\u0160KOLA, nebo \u0160KLA?"},"content":{"rendered":"\n<p>Kdy\u017e se pod\u00edv\u00e1te do <a rel=\"noreferrer noopener\" href=\"https:\/\/wwwinfo.mfcr.cz\/ares\/ares_es.html.cz\" target=\"_blank\">ARESu<\/a> na subjekt s I\u010c 70107661, zjist\u00edte, \u017ee se jmenuje Tyr\u0161ova z\u00e1kladn\u00ed <strong>\u0161kla<\/strong>&#8230; Prost\u011b n\u011bkdo ve z\u0159izovac\u00ed listin\u011b ud\u011blal chybi\u010dku a ou\u0159edn\u00edkovi p\u0159episuj\u00edc\u00edmu subjekt do registr\u016f to bylo jedno.<\/p>\n\n\n\n<p>Ot\u00e1zkou z\u016fst\u00e1v\u00e1, zda v pr\u00e1vn\u00edch dokumentech (smlouvy, faktury, &#8230;) je nutno ve vztahu k t\u00e9to <strong>\u0161kle <\/strong>trvat na hrubce a v\u0161ude ji opakovat, nebo zda lze pou\u017e\u00edt selsk\u00fd rozum a z cel\u00e9 obchodn\u00ed firmy<\/p>\n\n\n\n<p class=\"has-text-align-center\">Tyr\u0161ova z\u00e1kladn\u00ed <strong>\u0161kla<\/strong> a mate\u0159sk\u00e1 \u0161kola<br>Praha 5 &#8211; Jinonice, U Tyr\u0161ovy \u0161koly 1\/430,<br>p\u0159\u00edsp\u011bvkov\u00e1 organizace<br>U Tyr\u0161ovy \u0161koly 1\/430<br>158 00&nbsp; PRAHA<\/p>\n\n\n\n<p>pou\u017e\u00edt jen to kl\u00ed\u010dov\u00e9:<\/p>\n\n\n\n<p class=\"has-text-align-center\">Tyr\u0161ova Z\u0160 a M\u0160<br>I\u010c 70107661<br>U Tyr\u0161ovy \u0161koly 1<br>158 00&nbsp; PRAHA<\/p>\n\n\n\n<p>Pr\u00e1vn\u00edci b\u011bsn\u00ed, ale Nejvy\u0161\u0161\u00ed soud ve sv\u00fdch judik\u00e1tech d\u00e1v\u00e1 p\u0159ednost selsk\u00e9mu rozumu. Oprava hrubky (\u0161kla) a tedy uveden\u00ed obchodn\u00ed firmy neexistuj\u00edc\u00edho subjektu (\u0161kola) sice m\u016f\u017ee nastartovat p\u00e1r pr\u00e1vn\u00edk\u016f (ke k\u00e1vovaru), ale dopln\u011bn\u00ed subjektu o identifika\u010dn\u00ed \u010d\u00edslo (I\u010c) vn\u00e1\u0161\u00ed do z\u00e1pisu jednozna\u010dnou identifikaci.<\/p>\n\n\n\n<p>Mnoh\u00fdm subjekt\u016fm (a mnoh\u00fdm softwar\u016fm) \u010din\u00ed probl\u00e9m vm\u011bstnat dlouh\u00e9 n\u00e1zvy organizac\u00ed do rubrik formul\u00e1\u0159\u016f nebo adresn\u00edho pole (m\u00edsta, kam se uv\u00e1d\u00ed v&nbsp;dopisech adresa), proto i zde lze pou\u017e\u00edt selsk\u00fd rozum a subjekty s n\u00e1zvy dlouh\u00fdmi jak t\u00fdden p\u0159ed v\u00fdplatou:<\/p>\n\n\n\n<p class=\"has-text-align-center\">Ob\u010dansk\u00e9 sdru\u017een\u00ed majitel\u016f rekrea\u010dn\u00edch<br>plavidel V\u00fdchodo\u010desk\u00e9ho regionu t. j.<br>pro kraj Pardubice a kraj Hradec Kr\u00e1lov\u00e9<\/p>\n\n\n\n<p>zkracovat na:<\/p>\n\n\n\n<p class=\"has-text-align-center\">Ob\u010d. sdr. majitel\u016f rekr. plavidel<br>I\u010c 22685791<br>Srnojedsk\u00e1 895<br>530 06&nbsp; PARDUBICE<\/p>\n\n\n\n<p>V\u00edce informac\u00ed a judik\u00e1ty na <a href=\"https:\/\/www.akademie-vzdelavani.cz\/vzdelavani\/\" target=\"_blank\" rel=\"noreferrer noopener\">semin\u00e1\u0159\u00edch<\/a> a v obdobn\u00e9 publikaci <a href=\"http:\/\/www.jaknadopisy.cz\" target=\"_blank\" rel=\"noreferrer noopener\">P\u00edsemn\u00e1 komunikace v praxi<\/a>.<\/p>\n","protected":false},"excerpt":{"rendered":"<p>Kdy\u017e se pod\u00edv\u00e1te do ARESu na subjekt s I\u010c 70107661, zjist\u00edte, \u017ee se jmenuje Tyr\u0161ova z\u00e1kladn\u00ed \u0161kla&#8230; Prost\u011b n\u011bkdo ve z\u0159izovac\u00ed listin\u011b ud\u011blal chybi\u010dku a ou\u0159edn\u00edkovi p\u0159episuj\u00edc\u00edmu subjekt do registr\u016f to bylo jedno. Ot\u00e1zkou z\u016fst\u00e1v\u00e1, zda v pr\u00e1vn\u00edch dokumentech (smlouvy, faktury, &#8230;) je nutno ve vztahu k t\u00e9to \u0161kle trvat na hrubce a v\u0161ude ji&#8230;<\/p>\n","protected":false},"author":10,"featured_media":0,"comment_status":"closed","ping_status":"closed","sticky":false,"template":"","format":"standard","meta":{"footnotes":""},"categories":[5],"tags":[],"class_list":["post-1296","post","type-post","status-publish","format-standard","hentry","category-z-prace"],"_links":{"self":[{"href":"https:\/\/radim.martynek.cz\/index.php?rest_route=\/wp\/v2\/posts\/1296","targetHints":{"allow":["GET"]}}],"collection":[{"href":"https:\/\/radim.martynek.cz\/index.php?rest_route=\/wp\/v2\/posts"}],"about":[{"href":"https:\/\/radim.martynek.cz\/index.php?rest_route=\/wp\/v2\/types\/post"}],"author":[{"embeddable":true,"href":"https:\/\/radim.martynek.cz\/index.php?rest_route=\/wp\/v2\/users\/10"}],"replies":[{"embeddable":true,"href":"https:\/\/radim.martynek.cz\/index.php?rest_route=%2Fwp%2Fv2%2Fcomments&post=1296"}],"version-history":[{"count":4,"href":"https:\/\/radim.martynek.cz\/index.php?rest_route=\/wp\/v2\/posts\/1296\/revisions"}],"predecessor-version":[{"id":2195,"href":"https:\/\/radim.martynek.cz\/index.php?rest_route=\/wp\/v2\/posts\/1296\/revisions\/2195"}],"wp:attachment":[{"href":"https:\/\/radim.martynek.cz\/index.php?rest_route=%2Fwp%2Fv2%2Fmedia&parent=1296"}],"wp:term":[{"taxonomy":"category","embeddable":true,"href":"https:\/\/radim.martynek.cz\/index.php?rest_route=%2Fwp%2Fv2%2Fcategories&post=1296"},{"taxonomy":"post_tag","embeddable":true,"href":"https:\/\/radim.martynek.cz\/index.php?rest_route=%2Fwp%2Fv2%2Ftags&post=1296"}],"curies":[{"name":"wp","href":"https:\/\/api.w.org\/{rel}","templated":true}]}}