{"id":1304,"date":"2022-06-24T07:06:52","date_gmt":"2022-06-24T06:06:52","guid":{"rendered":"http:\/\/radim.martynek.cz\/?p=1304"},"modified":"2022-08-24T14:49:12","modified_gmt":"2022-08-24T13:49:12","slug":"k-seminari-etikety-z-07-06-2022","status":"publish","type":"post","link":"https:\/\/radim.martynek.cz\/?p=1304","title":{"rendered":"K semin\u00e1\u0159i etikety z 07.06.2022"},"content":{"rendered":"\n<p>Po dvou kovi\u010f\u00e1tkov\u00fdch letech jsme uspo\u0159\u00e1dali dal\u0161\u00ed velkolep\u00fd semin\u00e1\u0159 etikety, kter\u00fd byl ale v\u00a0mnoh\u00e9m jin\u00fd. Zaznamenali jsme <strong>v\u00edce kr\u00e1de\u017e\u00ed publikac\u00ed<\/strong> a v\u00edce negativn\u00edch reakc\u00ed: oproti posledn\u00edmu semin\u00e1\u0159i, kdy p\u0159i\u0161ly 2 negativn\u00ed reakce, nyn\u00ed dorazilo 5 agresivn\u00edch zp\u011btn\u00fdch vazeb (z toho jedna z M\u0160MT, n\u011bkter\u00e9 nadto obsahovaly vulgarismy).<\/p>\n\n\n\n<p><strong>Dv\u011b zp\u011btn\u00e9 vazby<\/strong> se t\u00fdkaly p\u0159esv\u011bd\u010den\u00ed, \u017ee jsme na semin\u00e1\u0159i vyd\u011blali majlant, kdy\u017e byl ur\u010den pro 360 \u00fa\u010dastn\u00edk\u016f, ale p\u0159itom ona hodnotitelka o\u010dek\u00e1vala komorn\u00ed semin\u00e1\u0159 pro nejv\u00fd\u0161e 15 lid\u00ed.<\/p>\n\n\n\n<p>Pokud se nebudeme b\u00e1t pou\u017e\u00edt mozek, pak pochop\u00edme, \u017ee za cenu 1.300 K\u010d nelze o\u010dek\u00e1vat semin\u00e1\u0159 pro 15 lid\u00ed, kdy\u017e jen p\u0159edn\u00e1\u0161ej\u00edc\u00ed a souvisej\u00edc\u00ed person\u00e1l stoj\u00ed 174.000 K\u010d za den. Nastavili jsme cenu semin\u00e1\u0159e z\u00e1m\u011brn\u011b n\u00edzko, aby se jej mohli \u00fa\u010dastnit i ti nej\u0159adov\u011bj\u0161\u00ed referenti a studenti st\u0159edn\u00edch \u0161kol. A to se povedlo! Na semin\u00e1\u0159i byli studenti, str\u00e1\u017en\u00edci, referenti, ale tak\u00e9 tajemn\u00edci a starostov\u00e9. P\u0159ijeli \u00fa\u010dastn\u00edci ze Su\u0161icka, Brn\u011bnska i Ostravska.<\/p>\n\n\n\n<p><strong>Dv\u011b agresivn\u00ed zp\u011btn\u00e9 vazby <\/strong>se t\u00fdkaly toho, \u017ee se v\u00a0poledne pod\u00e1vala bageta. Na to jsme v\u0161echny p\u0159ihl\u00e1\u0161en\u00e9 v\u00a0p\u0159edstihu upozornili. Nen\u00ed v\u00a0mo\u017enostech po\u0159adatele vydat tolik ob\u011bd\u016f p\u0159i tomto \u010dasov\u00e9m harmonogramu. V\u00fddej 1. a 360. ob\u011bdu by byly od sebe vzd\u00e1len\u00e9 90 minut, tak\u017ee p\u0159est\u00e1vka na ob\u011bd by musela b\u00fdt 2hodinov\u00e1. Kdo cht\u011bl, mohl si zaj\u00edt na ob\u011bd do n\u011bkter\u00e9 z\u00a0okoln\u00edch restaurac\u00ed. <\/p>\n\n\n<div class=\"wp-block-image\">\n<figure class=\"aligncenter size-full\"><a href=\"https:\/\/radim.martynek.cz\/wp-content\/uploads\/ukradene-leky.png\"><img loading=\"lazy\" decoding=\"async\" width=\"258\" height=\"169\" src=\"https:\/\/radim.martynek.cz\/wp-content\/uploads\/ukradene-leky.png\" alt=\"\" class=\"wp-image-1391\"\/><\/a><\/figure>\n<\/div>\n\n\n<p>A\u010dkoli se ceny pohybovaly od 1.300 K\u010d do 1.990 K\u010d (podle po\u010dtu p\u0159ihl\u00e1\u0161en\u00fdch osob z&nbsp;jedn\u00e9 organizace), tak cena pr\u016fm\u011brn\u00e1 byla 1.153 K\u010d za osobu. Jak je to mo\u017en\u00e9? \u0158ada organizac\u00ed dostala bonus v&nbsp;podob\u011b voln\u00fdch m\u00edst.<\/p>\n\n\n\n<p>Vydalo se <strong>rekordn\u00edch 1&nbsp;112 k\u00e1v!<\/strong> Po\u010det neplati\u010d\u016f tento rok klesl ze 7 na 5, ale je mezi nimi i <strong>sen\u00e1tn\u00ed klub KDU-\u010cSL a nez\u00e1visl\u00ed. <\/strong>\u00da\u010dastn\u00edci semin\u00e1\u0159e n\u00e1m rozkradli 12 knih a 17 krabi\u010dek \u201el\u00e9k\u016f\u201c.<\/p>\n\n\n\n<p>A\u010dkoli tedy semin\u00e1\u0159 nebyl kdov\u00edjak v\u00fdnosn\u00fd a pr\u00e1ce na n\u011bm se finan\u010dn\u011b nevr\u00e1t\u00ed, poda\u0159ilo se uspokojit 355 z&nbsp;360 \u00fa\u010dastn\u00edk\u016f. A to je d\u016fle\u017eit\u00e9! Z&nbsp;toho m\u00e1m radost! :-)<\/p>\n\n\n<div class=\"wp-block-image\">\n<figure class=\"aligncenter size-full is-resized\"><a href=\"https:\/\/radim.martynek.cz\/wp-content\/uploads\/etik01.png\"><img loading=\"lazy\" decoding=\"async\" src=\"https:\/\/radim.martynek.cz\/wp-content\/uploads\/etik01.png\" alt=\"\" class=\"wp-image-1306\" width=\"510\" height=\"184\" srcset=\"https:\/\/radim.martynek.cz\/wp-content\/uploads\/etik01.png 680w, https:\/\/radim.martynek.cz\/wp-content\/uploads\/etik01-300x108.png 300w\" sizes=\"auto, (max-width: 510px) 100vw, 510px\" \/><\/a><\/figure>\n<\/div>\n\n\n<p>A rada t\u011bm p\u011bti nespokojen\u00fdm \u00fa\u010dastn\u00edk\u016fm: A\u017e V\u00e1s zam\u011bstnavatel p\u0159\u00ed\u0161t\u011b po\u0161le na semin\u00e1\u0159, proto\u017ee se neum\u00edte na pracovi\u0161ti chovat, nevyb\u00edjejte si vztek na lektorovi nebo po\u0159adateli \ud83d\ude00 my za to nem\u016f\u017eeme. <\/p>\n\n\n\n<p>Lep\u0161\u00ed z\u00edt\u0159ky p\u0159eje Radim Martynek<\/p>\n\n\n\n<p>P. S. Vtipn\u00e9 rozuzlen\u00ed m\u011bla neplati\u010dka ze sen\u00e1tn\u00edho klubu, kter\u00e1 po prvn\u00ed urgenci mi jen <strong>posm\u011b\u0161n\u011b<\/strong> \u2013 jm\u00e9nem Sen\u00e1tu \u2013 sd\u011blila:<\/p>\n\n\n<div class=\"wp-block-image\">\n<figure class=\"aligncenter size-full\"><a href=\"https:\/\/radim.martynek.cz\/wp-content\/uploads\/ukradeny-senat.png\"><img loading=\"lazy\" decoding=\"async\" width=\"532\" height=\"309\" src=\"https:\/\/radim.martynek.cz\/wp-content\/uploads\/ukradeny-senat.png\" alt=\"\" class=\"wp-image-1392\" srcset=\"https:\/\/radim.martynek.cz\/wp-content\/uploads\/ukradeny-senat.png 532w, https:\/\/radim.martynek.cz\/wp-content\/uploads\/ukradeny-senat-300x174.png 300w\" sizes=\"auto, (max-width: 532px) 100vw, 532px\" \/><\/a><\/figure>\n<\/div>\n\n\n<p>Obratem jsem j\u00ed vysv\u011btlil rozd\u00edl mezi pohled\u00e1vkou a z\u00e1vazkem a trval na \u00fahrad\u011b faktury. Od t\u00e9 doby jmenovan\u00e1 hr\u00e1la \u201emrtv\u00e9ho brouka\u201c. Po urgenci zaslan\u00e9 datovou schr\u00e1nkou p\u0159\u00edmo do Sen\u00e1tu dlu\u017enice sv\u016fj z\u00e1vazek uhradila. Smutn\u00e9 je, \u017ee si pracovnice z\u00e1konod\u00e1rce mysl\u00ed, \u017ee je nedotknuteln\u00e1 a z\u00e1kony se na ni nevztahuj\u00ed.<\/p>\n","protected":false},"excerpt":{"rendered":"<p>Po dvou kovi\u010f\u00e1tkov\u00fdch letech jsme uspo\u0159\u00e1dali dal\u0161\u00ed velkolep\u00fd semin\u00e1\u0159 etikety, kter\u00fd byl ale v\u00a0mnoh\u00e9m jin\u00fd. Zaznamenali jsme v\u00edce kr\u00e1de\u017e\u00ed publikac\u00ed a v\u00edce negativn\u00edch reakc\u00ed: oproti posledn\u00edmu semin\u00e1\u0159i, kdy p\u0159i\u0161ly 2 negativn\u00ed reakce, nyn\u00ed dorazilo 5 agresivn\u00edch zp\u011btn\u00fdch vazeb (z toho jedna z M\u0160MT, n\u011bkter\u00e9 nadto obsahovaly vulgarismy). Dv\u011b zp\u011btn\u00e9 vazby se t\u00fdkaly p\u0159esv\u011bd\u010den\u00ed, \u017ee jsme&#8230;<\/p>\n","protected":false},"author":10,"featured_media":0,"comment_status":"closed","ping_status":"closed","sticky":false,"template":"","format":"standard","meta":{"footnotes":""},"categories":[5],"tags":[],"class_list":["post-1304","post","type-post","status-publish","format-standard","hentry","category-z-prace"],"_links":{"self":[{"href":"https:\/\/radim.martynek.cz\/index.php?rest_route=\/wp\/v2\/posts\/1304","targetHints":{"allow":["GET"]}}],"collection":[{"href":"https:\/\/radim.martynek.cz\/index.php?rest_route=\/wp\/v2\/posts"}],"about":[{"href":"https:\/\/radim.martynek.cz\/index.php?rest_route=\/wp\/v2\/types\/post"}],"author":[{"embeddable":true,"href":"https:\/\/radim.martynek.cz\/index.php?rest_route=\/wp\/v2\/users\/10"}],"replies":[{"embeddable":true,"href":"https:\/\/radim.martynek.cz\/index.php?rest_route=%2Fwp%2Fv2%2Fcomments&post=1304"}],"version-history":[{"count":18,"href":"https:\/\/radim.martynek.cz\/index.php?rest_route=\/wp\/v2\/posts\/1304\/revisions"}],"predecessor-version":[{"id":1407,"href":"https:\/\/radim.martynek.cz\/index.php?rest_route=\/wp\/v2\/posts\/1304\/revisions\/1407"}],"wp:attachment":[{"href":"https:\/\/radim.martynek.cz\/index.php?rest_route=%2Fwp%2Fv2%2Fmedia&parent=1304"}],"wp:term":[{"taxonomy":"category","embeddable":true,"href":"https:\/\/radim.martynek.cz\/index.php?rest_route=%2Fwp%2Fv2%2Fcategories&post=1304"},{"taxonomy":"post_tag","embeddable":true,"href":"https:\/\/radim.martynek.cz\/index.php?rest_route=%2Fwp%2Fv2%2Ftags&post=1304"}],"curies":[{"name":"wp","href":"https:\/\/api.w.org\/{rel}","templated":true}]}}