{"id":1408,"date":"2022-08-24T15:41:58","date_gmt":"2022-08-24T14:41:58","guid":{"rendered":"http:\/\/radim.martynek.cz\/?p=1408"},"modified":"2022-09-05T15:21:20","modified_gmt":"2022-09-05T14:21:20","slug":"charita-nebo-ne","status":"publish","type":"post","link":"https:\/\/radim.martynek.cz\/?p=1408","title":{"rendered":"K zamy\u0161len\u00ed: Pomoc, nebo promy\u0161len\u00fd byznys?"},"content":{"rendered":"\n<p>Nem\u00e1m probl\u00e9m pom\u00e1hat t\u011bm, kte\u0159\u00ed to pot\u0159ebuj\u00ed. R\u00e1d p\u0159isp\u011bju, pokud p\u0159isp\u011bt mohu. Finan\u010dn\u011b podporuji nejeden domov pro seniory, rozd\u00e1v\u00e1m c\u00e9\u010dka do mate\u0159sk\u00fdch \u0161kol a klub\u016fm senior\u016f (kv\u016fli tr\u00e9ninku jemn\u00e9 motoriky), p\u0159isp\u00edv\u00e1m na Ligu proti rakovin\u011b, podporoval jsem Unicef, ko\u010di\u010d\u00ed \u00fatulky, &#8230; <\/p>\n\n\n\n<p class=\"has-text-align-center\"><strong>A pro\u010d to p\u00ed\u0161u? <\/strong><\/p>\n\n\n\n<p>Proto\u017ee pom\u00e1h\u00e1m lidem a zv\u00ed\u0159\u00e1tk\u016fm <strong>tam, kde jsou.<\/strong> Neberu si dom\u016f v\u0161echny seniory v nouzi a v\u0161echny ko\u010dky z ulice, abych se o n\u011b postaral u sebe doma.<\/p>\n\n\n\n<p class=\"has-text-align-center\"><strong>Co t\u00edm chci \u0159\u00edct?<\/strong><\/p>\n\n\n\n<p>Nel\u00edb\u00ed se mi, \u017ee si tah\u00e1me do \u010cesk\u00e9 republiky lidi z Ukrajiny, a to v\u010detn\u011b t\u011bch, kte\u0159\u00ed to nepot\u0159ebuj\u00ed, neb nejsou v\u00e1lkou posti\u017een\u00ed, a rozd\u00e1v\u00e1me jim d\u00e1vky, bezplatn\u00e9 bydlen\u00ed, stravu &#8230; a\u010dkoli jako st\u00e1t nem\u00e1me na to, abychom pomohli t\u011bm \u010cech\u016fm a \u010ce\u0161k\u00e1m, kte\u0159\u00ed to opravdu pot\u0159ebuj\u00ed. <br>V ulic\u00edch Brna jsem potkal Ukrajince ve zna\u010dkov\u00e9m oble\u010den\u00ed s nejnov\u011bj\u0161\u00edm iPhonem v ruce, kte\u0159\u00ed si \u0161li pro d\u00e1vku 5.000 K\u010d! To jsou ti v nouzi?<\/p>\n\n\n\n<p class=\"has-text-align-center\"><strong>D\u016fkaz?<\/strong><\/p>\n\n\n\n<p>P\u0159ed lety jsem se sezn\u00e1mil v Brn\u011b s Ukrajincem. Pracoval v brn\u011bnsk\u00e9 Zbrojovce a pen\u00edze pos\u00edlal sv\u00e9 rodin\u011b na Ukrajinu. Jakmile v roce 2022 za\u010dala v\u00e1lka a \u010desk\u00fd st\u00e1t za\u010dal rozd\u00e1vat d\u00e1vky, rozhodl se pro <strong>dota\u010dn\u00ed turistiku.<\/strong> Odjel na Ukrajinu, pronajal si dva autobusy, p\u0159ivezl 80 Ukrajinc\u016f, ti si vy\u0159\u00eddili formality, zkas\u00edrovali 5.000 K\u010d za osobu, ka\u017ed\u00fd mu 2.000 K\u010d odevzdal a zase je odvezl zp\u00e1tky. Za t\u00fdden zvl\u00e1dl 2 turnusy. <strong>M\u011bs\u00ed\u010dn\u011b si vyd\u011blal 1.200.000 K\u010d hrub\u00e9ho. <\/strong>Kolik autobus\u016f si pronaj\u00edm\u00e1 dnes, to netu\u0161\u00edm. Pro\u010d tedy rovnou nepos\u00edl\u00e1me pen\u00edze Ukrajinc\u016fm na jejich \u00fa\u010dty, aby sem nemuseli jezdit? Absurdn\u00ed ot\u00e1zka&#8230;<\/p>\n\n\n\n<p><strong>A pak se do\u010dtete, \u017ee \u010cesk\u00e1 republika bude pom\u00e1hat p\u0159i obnov\u011b Ukrajiny a da\u0148ov\u00e9 poplatn\u00edky to bude st\u00e1t 3 biliony korun. St\u00e1t m\u00e1 obrovsk\u00fd st\u00e1tn\u00ed dluh a nem\u00e1 pen\u00edze pro \u010desk\u00e9 bezdomovce a vlastn\u00ed seniory, ale bude pom\u00e1hat r\u00e1doby uprchl\u00edk\u016fm?<\/strong> T\u0159e\u0161ni\u010dkou je snad u\u017e jen ot\u00e1zka, kolik p\u0159isp\u011bli Ukrajinci na z\u00e1chranu \u010cesk\u00e9ho \u0160v\u00fdcarska a kolik vyv\u011bsili \u010desk\u00fdch vlajek za to, \u017ee jsme jim tak vehementn\u011b pom\u00e1hali.<\/p>\n\n\n\n<p><a rel=\"noreferrer noopener\" href=\"https:\/\/nasregion.cz\/cesi-za-pul-roku-vybrali-pro-ukrajinu-pres-ctyri-miliardy-korun-289624\/\" target=\"_blank\">\u010ce\u0161i vybrali na pomoc Ukrajin\u011b p\u0159es 4 miliardy<\/a>. Zamyslete se, kolik z t\u011bch pen\u011bz opravdu na Ukrajinu dorazilo&#8230; A kolik z t\u011bch pen\u011bz dorazilo opravdu pot\u0159ebn\u00fdm&#8230; Na p\u0159elomu tis\u00edcilet\u00ed jsem pracoval pro jednu neziskovku jako lektor. Kdy\u017e v r\u00e1mci humanit\u00e1rn\u00ed sb\u00edrky dorazily na centr\u00e1lu pytle s oble\u010den\u00edm a trvanliv\u00fdmi potravinami, jako prvn\u00ed se po nich vrhli zam\u011bstnanci neziskovky. Netu\u0161\u00edm, kolik toho (zdali v\u016fbec n\u011bco) z\u016fstalo pro pot\u0159ebn\u00e9. <\/p>\n\n\n\n<p>No, a v z\u00e1v\u011bru zm\u00edn\u00edm nuzn\u00e9 financov\u00e1n\u00ed soci\u00e1ln\u00edch slu\u017eeb. P\u0159i\u0161li jsme se <a rel=\"noreferrer noopener\" href=\"https:\/\/radim.martynek.cz\/?p=929\" target=\"_blank\">samofinancovateln\u00fdm projektem<\/a>, jeho\u017e c\u00edlem je zv\u00fd\u0161it kvalitu poskytovan\u00fdch slu\u017eeb, zd\u016fstojnit st\u00e1\u0159\u00ed a prodlou\u017eit \u017eivot. Jednal jsem se v\u0161emi mo\u017en\u00fdmi i nemo\u017en\u00fdmi n\u00e1m\u011bstky ministr\u016f kl\u00ed\u010dov\u00fdch ministerstev. Nikdo nechce \u010desk\u00fdm senior\u016fm pomoci, ale pro Ukrajince by se rozdali&#8230;<\/p>\n\n\n\n<p>P. S. P\u0159\u00edb\u011bh z jednoho m\u011bsta \u2013 od tajemn\u00edka \u00fa\u0159adu:<br>Nebr\u00e1n\u00edme se pomoci, ale t\u011bm, co to pot\u0159ebuj\u00ed, ne t\u011bm, co jen vyu\u017e\u00edvaj\u00ed \u0161t\u011bdrosti na\u0161eho st\u00e1tu. M\u00e1me ve m\u011bst\u011b ubytovnu pro uprchl\u00edky. Vozili jsme jim ob\u011bdy ze \u0161koly. Za 3 dny \u0159ekli, \u017ee to j\u00edst nebudou, \u017ee jim to nechutn\u00e1. Tak jim starosta za\u010dal vozit ob\u011bdy z restaurace. Za dal\u0161\u00ed 4 dny ohrnovali nosem, \u017ee by cht\u011bli n\u011bco lep\u0161\u00edho. Nech\u00e1pu\u2026 jsou tam \u017eeny a d\u011bti. Je tam kuchy\u0148. Pro\u010d si tedy neuva\u0159\u00ed sami? Te\u010f jim tam n\u011bkdo hl\u00edd\u00e1 d\u011bti a Ukrajinci si odjeli na dovolenou na 10 dn\u016f k mo\u0159i. Pr\u00fd jsou zvykl\u00ed ka\u017ed\u00fd rok jezdit k mo\u0159i. Ukrajinky se ptaly, kde je dobr\u00e1 nehta\u0159ka. N\u011bkdo jim doporu\u010dil Vietnamce\u2026 Tam pr\u00fd ony nep\u016fjdou, ony jsou zvykl\u00e9 na kvalitu. V\u016fbec se nechovaj\u00ed jako n\u011bkdo, kdo ut\u00edk\u00e1 p\u0159ed v\u00e1lkou a je vd\u011b\u010dn\u00fd za jakoukoliv pomoc. Cht\u011bj\u00ed v\u0161e nejlep\u0161\u00ed, \u017ee jsou na to zvykl\u00e9\u2026 OK, nen\u00ed probl\u00e9m, ale a\u0165 si to zaplat\u00ed a hlavn\u011b si na to vyd\u011blaj\u00ed. Nab\u00edzeli jsme jim pr\u00e1ci v m\u00edstn\u00ed \u0161ic\u00ed d\u00edln\u011b. Odm\u00edtly, \u017ee za 120 K\u010d\/h pracovat rozhodn\u011b nebudou. Pravda\u2026 za to pracuj\u00ed ti, z jejich\u017e dan\u00ed si oni diktuj\u00ed ten sv\u016fj standard.<\/p>\n","protected":false},"excerpt":{"rendered":"<p>Nem\u00e1m probl\u00e9m pom\u00e1hat t\u011bm, kte\u0159\u00ed to pot\u0159ebuj\u00ed. R\u00e1d p\u0159isp\u011bju, pokud p\u0159isp\u011bt mohu. Finan\u010dn\u011b podporuji nejeden domov pro seniory, rozd\u00e1v\u00e1m c\u00e9\u010dka do mate\u0159sk\u00fdch \u0161kol a klub\u016fm senior\u016f (kv\u016fli tr\u00e9ninku jemn\u00e9 motoriky), p\u0159isp\u00edv\u00e1m na Ligu proti rakovin\u011b, podporoval jsem Unicef, ko\u010di\u010d\u00ed \u00fatulky, &#8230; A pro\u010d to p\u00ed\u0161u? Proto\u017ee pom\u00e1h\u00e1m lidem a zv\u00ed\u0159\u00e1tk\u016fm tam, kde jsou. Neberu si&#8230;<\/p>\n","protected":false},"author":10,"featured_media":0,"comment_status":"closed","ping_status":"closed","sticky":false,"template":"","format":"standard","meta":{"footnotes":""},"categories":[4],"tags":[],"class_list":["post-1408","post","type-post","status-publish","format-standard","hentry","category-ze-zivota"],"_links":{"self":[{"href":"https:\/\/radim.martynek.cz\/index.php?rest_route=\/wp\/v2\/posts\/1408","targetHints":{"allow":["GET"]}}],"collection":[{"href":"https:\/\/radim.martynek.cz\/index.php?rest_route=\/wp\/v2\/posts"}],"about":[{"href":"https:\/\/radim.martynek.cz\/index.php?rest_route=\/wp\/v2\/types\/post"}],"author":[{"embeddable":true,"href":"https:\/\/radim.martynek.cz\/index.php?rest_route=\/wp\/v2\/users\/10"}],"replies":[{"embeddable":true,"href":"https:\/\/radim.martynek.cz\/index.php?rest_route=%2Fwp%2Fv2%2Fcomments&post=1408"}],"version-history":[{"count":17,"href":"https:\/\/radim.martynek.cz\/index.php?rest_route=\/wp\/v2\/posts\/1408\/revisions"}],"predecessor-version":[{"id":1452,"href":"https:\/\/radim.martynek.cz\/index.php?rest_route=\/wp\/v2\/posts\/1408\/revisions\/1452"}],"wp:attachment":[{"href":"https:\/\/radim.martynek.cz\/index.php?rest_route=%2Fwp%2Fv2%2Fmedia&parent=1408"}],"wp:term":[{"taxonomy":"category","embeddable":true,"href":"https:\/\/radim.martynek.cz\/index.php?rest_route=%2Fwp%2Fv2%2Fcategories&post=1408"},{"taxonomy":"post_tag","embeddable":true,"href":"https:\/\/radim.martynek.cz\/index.php?rest_route=%2Fwp%2Fv2%2Ftags&post=1408"}],"curies":[{"name":"wp","href":"https:\/\/api.w.org\/{rel}","templated":true}]}}