{"id":1443,"date":"2022-09-05T15:17:07","date_gmt":"2022-09-05T14:17:07","guid":{"rendered":"http:\/\/radim.martynek.cz\/?p=1443"},"modified":"2022-09-05T15:17:07","modified_gmt":"2022-09-05T14:17:07","slug":"bali-2023","status":"publish","type":"post","link":"https:\/\/radim.martynek.cz\/?p=1443","title":{"rendered":"Bali 2023"},"content":{"rendered":"\n<p>P\u0159\u00e1tel\u00e9, p\u0159ipravil jsem nez\u00e1vazn\u00fd itiner\u00e1\u0159 pro svou t\u0159et\u00ed a posledn\u00ed v\u00fdpravu na Bali. Krom\u011b p\u0159\u00edletu a odletu jsou v\u0161echny polo\u017eky nez\u00e1vazn\u00e9. Kdo chce, m\u016f\u017ee se p\u0159idat k na\u0161emu programu, nebo si zvolit aktivity vlastn\u00ed. Berte itiner\u00e1\u0159 jako inspiraci \u2013 ne jako dogma :-) Pro n\u011bkter\u00e9 z v\u00e1s nen\u00ed ani odlet z\u00e1vazn\u00fd \ud83d\ude00 proto\u017ee z\u016fst\u00e1vaj\u00ed o t\u00fdden d\u00e9le. <\/p>\n\n\n\n<p>Cestopis z m\u00e9 prvn\u00ed cesty po Bali najdete na <a rel=\"noreferrer noopener\" href=\"https:\/\/radim.martynek.cz\/?p=212\" target=\"_blank\">https:\/\/radim.martynek.cz\/?p=212<\/a>. Nyn\u00ed jsem p\u0159ipravil t\u0159i lokace: centr\u00e1ln\u00ed Ubud, nejji\u017en\u011bj\u0161\u00ed Bali a z\u00e1padn\u00ed Bali (viz mapa n\u00ed\u017ee). Ze v\u0161ech se daj\u00ed d\u011blat v\u00fdlety do v\u0161ech stran. <\/p>\n\n\n\n<figure class=\"wp-block-image size-full\"><a href=\"https:\/\/radim.martynek.cz\/wp-content\/uploads\/bali.png\"><img loading=\"lazy\" decoding=\"async\" width=\"941\" height=\"619\" src=\"https:\/\/radim.martynek.cz\/wp-content\/uploads\/bali.png\" alt=\"\" class=\"wp-image-1444\" srcset=\"https:\/\/radim.martynek.cz\/wp-content\/uploads\/bali.png 941w, https:\/\/radim.martynek.cz\/wp-content\/uploads\/bali-300x197.png 300w, https:\/\/radim.martynek.cz\/wp-content\/uploads\/bali-768x505.png 768w\" sizes=\"auto, (max-width: 941px) 100vw, 941px\" \/><\/a><\/figure>\n\n\n\n<p>A te\u010f u\u017e ten nez\u00e1vazn\u00fd itiner\u00e1\u0159 (-:<\/p>\n\n\n<div class=\"wp-block-image\">\n<figure class=\"aligncenter size-large\"><a href=\"https:\/\/radim.martynek.cz\/wp-content\/uploads\/iti.png\"><img loading=\"lazy\" decoding=\"async\" width=\"1024\" height=\"503\" src=\"https:\/\/radim.martynek.cz\/wp-content\/uploads\/iti-1024x503.png\" alt=\"\" class=\"wp-image-1446\" srcset=\"https:\/\/radim.martynek.cz\/wp-content\/uploads\/iti-1024x503.png 1024w, https:\/\/radim.martynek.cz\/wp-content\/uploads\/iti-300x147.png 300w, https:\/\/radim.martynek.cz\/wp-content\/uploads\/iti-768x377.png 768w, https:\/\/radim.martynek.cz\/wp-content\/uploads\/iti.png 1468w\" sizes=\"auto, (max-width: 1024px) 100vw, 1024px\" \/><\/a><figcaption><em>Kliknut\u00edm lze zv\u011bt\u0161it&#8230;<\/em><\/figcaption><\/figure>\n<\/div>\n\n\n<p>Kdo by se cht\u011bl p\u0159idat, nech\u0165 se ozve :-) <\/p>\n\n\n\n<p>Nech\u0165 se dovolen\u00e1 vyda\u0159\u00ed! <br>Radim <\/p>\n","protected":false},"excerpt":{"rendered":"<p>P\u0159\u00e1tel\u00e9, p\u0159ipravil jsem nez\u00e1vazn\u00fd itiner\u00e1\u0159 pro svou t\u0159et\u00ed a posledn\u00ed v\u00fdpravu na Bali. Krom\u011b p\u0159\u00edletu a odletu jsou v\u0161echny polo\u017eky nez\u00e1vazn\u00e9. Kdo chce, m\u016f\u017ee se p\u0159idat k na\u0161emu programu, nebo si zvolit aktivity vlastn\u00ed. Berte itiner\u00e1\u0159 jako inspiraci \u2013 ne jako dogma :-) Pro n\u011bkter\u00e9 z v\u00e1s nen\u00ed ani odlet z\u00e1vazn\u00fd \ud83d\ude00 proto\u017ee z\u016fst\u00e1vaj\u00ed o&#8230;<\/p>\n","protected":false},"author":10,"featured_media":0,"comment_status":"closed","ping_status":"closed","sticky":false,"template":"","format":"standard","meta":{"footnotes":""},"categories":[1],"tags":[],"class_list":["post-1443","post","type-post","status-publish","format-standard","hentry","category-inspirace"],"_links":{"self":[{"href":"https:\/\/radim.martynek.cz\/index.php?rest_route=\/wp\/v2\/posts\/1443","targetHints":{"allow":["GET"]}}],"collection":[{"href":"https:\/\/radim.martynek.cz\/index.php?rest_route=\/wp\/v2\/posts"}],"about":[{"href":"https:\/\/radim.martynek.cz\/index.php?rest_route=\/wp\/v2\/types\/post"}],"author":[{"embeddable":true,"href":"https:\/\/radim.martynek.cz\/index.php?rest_route=\/wp\/v2\/users\/10"}],"replies":[{"embeddable":true,"href":"https:\/\/radim.martynek.cz\/index.php?rest_route=%2Fwp%2Fv2%2Fcomments&post=1443"}],"version-history":[{"count":5,"href":"https:\/\/radim.martynek.cz\/index.php?rest_route=\/wp\/v2\/posts\/1443\/revisions"}],"predecessor-version":[{"id":1450,"href":"https:\/\/radim.martynek.cz\/index.php?rest_route=\/wp\/v2\/posts\/1443\/revisions\/1450"}],"wp:attachment":[{"href":"https:\/\/radim.martynek.cz\/index.php?rest_route=%2Fwp%2Fv2%2Fmedia&parent=1443"}],"wp:term":[{"taxonomy":"category","embeddable":true,"href":"https:\/\/radim.martynek.cz\/index.php?rest_route=%2Fwp%2Fv2%2Fcategories&post=1443"},{"taxonomy":"post_tag","embeddable":true,"href":"https:\/\/radim.martynek.cz\/index.php?rest_route=%2Fwp%2Fv2%2Ftags&post=1443"}],"curies":[{"name":"wp","href":"https:\/\/api.w.org\/{rel}","templated":true}]}}