{"id":1474,"date":"2022-09-13T06:51:24","date_gmt":"2022-09-13T05:51:24","guid":{"rendered":"http:\/\/radim.martynek.cz\/?p=1474"},"modified":"2024-10-16T16:23:04","modified_gmt":"2024-10-16T15:23:04","slug":"o-72-druzich-pohlavi-aneb-muzi-zeny-a-ostatni-zviratka","status":"publish","type":"post","link":"https:\/\/radim.martynek.cz\/?p=1474","title":{"rendered":"O 72 druz\u00edch pohlav\u00ed :-) aneb mu\u017ei, \u017eeny a ostatn\u00ed zv\u00ed\u0159\u00e1tka"},"content":{"rendered":"\n<p>Ned\u00e1vno jsem za\u010dal sv\u016fj semin\u00e1\u0159 oblig\u00e1tn\u00edm <strong>D\u00e1my a p\u00e1nov\u00e9,<\/strong> co\u017e n\u011bkoho v&nbsp;zadn\u00edch lavic\u00edch po\u0159\u00e1dn\u011b roz\u010dertilo:<\/p>\n\n\n\n<p>\u201eNo, dovolte?!\u201c ozval se p\u00e1n.<br>\u201eAno, ano\u2026 Co pro V\u00e1s m\u016f\u017eu ud\u011blat?\u201c vyzval jsem ono stvo\u0159en\u00ed.<br>\u201eJ\u00e1 nejsem \u017e\u00e1dn\u00fd p\u00e1n!\u201c protestoval tvor.<br>\u201eAle j\u00e1 jsem \u0159ekl <em>\u00b4d\u00e1my a p\u00e1nov\u00e9\u00b4<\/em>,\u201c nam\u00edtal jsem.<br>\u201eJ\u00e1 nejsem ani \u017e\u00e1dn\u00e1 d\u00e1ma!\u201c roz\u010diloval se tvor.<\/p>\n\n\n\n<p>V&nbsp;tu chv\u00edli jsem si vzpomn\u011bl na on\u011bch 72 druh\u016f pohlav\u00ed, o kter\u00fdch se mluv\u00ed posledn\u00ed roky v&nbsp;denn\u00edm tisku, a pobaven\u011b \u0159\u00edk\u00e1m:<\/p>\n\n\n\n<p>\u201eD\u00e1my, p\u00e1nov\u00e9 a ostatn\u00ed zv\u00ed\u0159\u00e1tka!\u201c<br>\u201eJ\u00e1 si budu st\u011b\u017eovat!!!\u201c vyhrkl tvor v&nbsp;zadn\u00ed lavici.<\/p>\n\n\n\n<p>A vskutku. St\u011b\u017eoval si. O p\u0159est\u00e1vce p\u0159i\u0161el za mnou tajemn\u00edk \u00fa\u0159adu a \u0159\u00edk\u00e1:<\/p>\n\n\n\n<p>\u201eJ\u00e1 se V\u00e1m omlouv\u00e1m\u2026 My tady m\u00e1me takov\u00e9ho jedince, kter\u00fd nev\u00ed, jestli m\u00e1 pipinku nebo pind\u00edka, a pohlav\u00ed si u\u017e nechal odstranit\u2026 Zat\u00edm tedy jenom z&nbsp;ob\u010dansk\u00e9ho pr\u016fkazu\u2026\u201c<\/p>\n\n\n\n<p>Sv\u011bt se zbl\u00e1znil\u2026 Dneska abyste se b\u00e1li kohokoli oslovit <strong>pane<\/strong> nebo <strong>pan\u00ed<\/strong> v&nbsp;obav\u011b, \u017ee ho uraz\u00edte.<\/p>\n\n\n\n<p>Kdy\u017e jsem v&nbsp;lednu 2022 <a rel=\"noreferrer noopener\" href=\"https:\/\/radim.martynek.cz\/?p=977\" target=\"_blank\">let\u011bl do USA<\/a>, tak jsem p\u0159i check-inu musel vyplnit kolonku <em>pohlav\u00ed. <\/em>Kouk\u00e1m na to a \u0159\u00edk\u00e1m si, kam m\u011b asi posad\u00ed, kdy\u017e zvol\u00edm <strong>nespecikovateln\u00fd<\/strong> nebo <strong>nezve\u0159ejniteln\u00fd.<\/strong> Polet\u00edm v&nbsp;zavazadlov\u00e9m prostoru? Nebo v&nbsp;kokpitu?<\/p>\n\n\n<div class=\"wp-block-image\">\n<figure class=\"aligncenter size-full\"><a href=\"https:\/\/radim.martynek.cz\/wp-content\/uploads\/image.png\"><img loading=\"lazy\" decoding=\"async\" width=\"295\" height=\"342\" src=\"https:\/\/radim.martynek.cz\/wp-content\/uploads\/image.png\" alt=\"\" class=\"wp-image-1475\" srcset=\"https:\/\/radim.martynek.cz\/wp-content\/uploads\/image.png 295w, https:\/\/radim.martynek.cz\/wp-content\/uploads\/image-259x300.png 259w\" sizes=\"auto, (max-width: 295px) 100vw, 295px\" \/><\/a><figcaption class=\"wp-element-caption\">mu\u017e \u2013 \u017eena \u2013 nespecifikovateln\u00fd \u2013 nezve\u0159ejniteln\u00fd<\/figcaption><\/figure>\n<\/div>\n\n\n<p><a rel=\"noreferrer noopener\" href=\"https:\/\/www.novinky.cz\/clanek\/zahranicni-evropa-berlin-chce-zakazat-slovo-cizinec-ma-se-rikat-clovek-s-mezinarodni-minulosti-40338157\" target=\"_blank\">Berl\u00edn chce zak\u00e1zat slovo cizinec<\/a> a \u010dern\u00fd pasa\u017e\u00e9r, aby neevokoval, \u017ee bez platn\u00e9 j\u00edzdenky jezd\u00ed pouze lid\u00e9 se sn\u011bdou barvou pleti. <a rel=\"noreferrer noopener\" href=\"https:\/\/www.novinky.cz\/clanek\/cestovani-uz-zadne-damy-a-panove-britsky-vlajkovy-dopravce-zavadi-neutralni-osloveni-40374516\" target=\"_blank\">U\u017e \u017e\u00e1dn\u00e9 d\u00e1my a p\u00e1nov\u00e9. Britsk\u00fd vlajkov\u00fd dopravce zav\u00e1d\u00ed neutr\u00e1ln\u00ed osloven\u00ed.<\/a> A na netu najdete mnoh\u00e9 dal\u0161\u00ed \u010dl\u00e1nky\u2026<\/p>\n\n\n\n<p>Asi tu\u0161\u00edte n\u011bjak\u00e9 rozuzlen\u00ed :-) a tady je:<\/p>\n\n\n\n<p class=\"has-text-align-center\">Debata o&nbsp;pohlav\u00edch je pln\u00e1 nedorozum\u011bn\u00ed,<br>proto\u017ee se \u010dasto sm\u011b\u0161uj\u00ed r\u016fzn\u00e9 v\u00fdznamy:<br><strong>vrozen\u00e1 danost <\/strong>biologick\u00e9ho pohlav\u00ed<br>nen\u00ed tot\u00e9\u017e co <strong>genderov\u00e1 identita.<br><\/strong>MUDr. Radim Uzel, CSc.<\/p>\n\n\n\n<p>Pohlav\u00ed jsou opravdu jen dv\u011b, ale identit jsou des\u00edtky. Na jednom z \u00fa\u0159ad\u016f maj\u00ed \u00fa\u0159edn\u00edka, kter\u00fd je obrovsk\u00fd odborn\u00edk ve sv\u00e9 ZOZ, ale m\u00e1 t\u0159i identity: v 8 h ho potk\u00e1te na <em>p\u00e1nech, <\/em>v 9 h na <em>d\u00e1m\u00e1ch, <\/em>v 10 h se c\u00edt\u00ed jako elektrick\u00fd spot\u0159ebi\u010d, kdy\u017e se vyprazd\u0148uje do d\u0159ezu ve spole\u010dn\u00e9 kuchy\u0148ce.<\/p>\n\n\n\n<p class=\"has-text-align-center\"><strong>Vtip z&nbsp;netu:<br><\/strong>Nezn\u00e1m\u00fd mu\u017e ve\u0161el na toaletu za nezletilou d\u00edvkou. <br>Od\u016fvodnil to t\u00edm, \u017ee se identifikuje jako \u017eena.<br>Jej\u00ed otec mu pak vyml\u00e1til dva p\u0159edn\u00ed zuby, co\u017e zd\u016fvodnil t\u00edm, <br>\u017ee se identifikuje jako zoubkov\u00e1 v\u00edla.<\/p>\n\n\n\n<p><strong>Uv\u011bdomme si, \u017ee nebin\u00e1rn\u00ed lid\u00e9 nemaj\u00ed na \u010dele naps\u00e1no \u201enec\u00edt\u00edm se b\u00fdt mu\u017eem \u2013 ani \u017eenou\u201c nebo \u201ec\u00edt\u00edm se jako mal\u00e1 mo\u0159sk\u00e1 v\u00edla\u201c. Sv\u00e9 pohlavn\u00ed identity pro\u017e\u00edvejte, u\u017e\u00edvejte, ale neoso\u010dujte ostatn\u00ed, \u017ee V\u00e1s oslovuj\u00ed tak, jak \u0159\u00edk\u00e1 tradice, a pokud si p\u0159ejete, aby V\u00e1s oslovovali jinak, slu\u0161n\u011b je o to poproste.<\/strong><\/p>\n\n\n\n<hr class=\"wp-block-separator has-alpha-channel-opacity\"\/>\n\n\n\n<p><strong>Koment\u00e1\u0159 JUDr. Davida \u0160kva\u0159ila, tajemn\u00edka M\u011b\u00da Boskovice:<br><\/strong>K&nbsp;Va\u0161emu \u010dl\u00e1nku V\u00e1m zas\u00edl\u00e1m pro inspiraci citaci aktu\u00e1ln\u00edho n\u00e1lezu \u00dastavn\u00edho soudu \u010cR, kter\u00fd byl nucen tuto \u201eproblematiku\u201c u\u017e tak\u00e9 \u0159e\u0161it a \u2013 dovol\u00edm si \u0159\u00edci \u2013 zdrav\u00fd rozum zv\u00edt\u011bzil:<\/p>\n\n\n\n<p>\u201eNa \u00fazem\u00ed \u010cesk\u00e9 republiky se lid\u00e9 d\u011bl\u00ed na \u017eeny a mu\u017ee,\u201c konstatoval \u00dastavn\u00ed soud (\u201e\u00daS\u201c) ve sv\u00e9m plen\u00e1rn\u00edm n\u00e1lezu (<a href=\"https:\/\/jinepravo.blogspot.com\/2022\/04\/o-muzich-a-zenach.html\">Pl. \u00daS 2\/20<\/a>) ze dne 31. b\u0159ezna 2022. \u201eExistenci mu\u017e\u016f a \u017een bere na v\u011bdom\u00ed i \u00fastavn\u00ed po\u0159\u00e1dek. [\u2026] Je-li tedy \u00fastavn\u011b akceptov\u00e1no, a dokonce \u00fastavn\u00edm po\u0159\u00e1dkem p\u0159edv\u00edd\u00e1no, \u017ee se lid\u00e9 d\u011bl\u00ed na mu\u017ee a \u017eeny a \u017ee toto d\u011blen\u00ed m\u00e1 a m\u00e1 m\u00edt ur\u010dit\u00e9 pr\u00e1vn\u00ed \u010di praktick\u00e9 dopady [\u2026], pak se jev\u00ed logick\u00e9, \u017ee st\u00e1t z\u00e1rove\u0148 informaci o pohlav\u00ed, tedy o tom, zda je \u010dlov\u011bk mu\u017eem, nebo \u017eenou, v ur\u010dit\u00e9 form\u011b zaznamen\u00e1v\u00e1.\u201c&nbsp;T\u011bmito v\u00fdroky \u00daS zam\u00edtl argumentaci nebin\u00e1rn\u00ed osoby, kter\u00e1 ve sv\u00e9 \u00fastavn\u00ed st\u00ed\u017enosti proti rozsudku NSS sou\u010dasn\u011b iniciovala \u00fastavn\u00ed p\u0159ezkum t\u0159\u00ed z\u00e1konn\u00fdch ustanoven\u00ed.<\/p>\n","protected":false},"excerpt":{"rendered":"<p>Ned\u00e1vno jsem za\u010dal sv\u016fj semin\u00e1\u0159 oblig\u00e1tn\u00edm D\u00e1my a p\u00e1nov\u00e9, co\u017e n\u011bkoho v&nbsp;zadn\u00edch lavic\u00edch po\u0159\u00e1dn\u011b roz\u010dertilo: \u201eNo, dovolte?!\u201c ozval se p\u00e1n.\u201eAno, ano\u2026 Co pro V\u00e1s m\u016f\u017eu ud\u011blat?\u201c vyzval jsem ono stvo\u0159en\u00ed.\u201eJ\u00e1 nejsem \u017e\u00e1dn\u00fd p\u00e1n!\u201c protestoval tvor.\u201eAle j\u00e1 jsem \u0159ekl \u00b4d\u00e1my a p\u00e1nov\u00e9\u00b4,\u201c nam\u00edtal jsem.\u201eJ\u00e1 nejsem ani \u017e\u00e1dn\u00e1 d\u00e1ma!\u201c roz\u010diloval se tvor. V&nbsp;tu chv\u00edli jsem si vzpomn\u011bl&#8230;<\/p>\n","protected":false},"author":10,"featured_media":0,"comment_status":"closed","ping_status":"closed","sticky":false,"template":"","format":"standard","meta":{"footnotes":""},"categories":[4],"tags":[],"class_list":["post-1474","post","type-post","status-publish","format-standard","hentry","category-ze-zivota"],"_links":{"self":[{"href":"https:\/\/radim.martynek.cz\/index.php?rest_route=\/wp\/v2\/posts\/1474","targetHints":{"allow":["GET"]}}],"collection":[{"href":"https:\/\/radim.martynek.cz\/index.php?rest_route=\/wp\/v2\/posts"}],"about":[{"href":"https:\/\/radim.martynek.cz\/index.php?rest_route=\/wp\/v2\/types\/post"}],"author":[{"embeddable":true,"href":"https:\/\/radim.martynek.cz\/index.php?rest_route=\/wp\/v2\/users\/10"}],"replies":[{"embeddable":true,"href":"https:\/\/radim.martynek.cz\/index.php?rest_route=%2Fwp%2Fv2%2Fcomments&post=1474"}],"version-history":[{"count":8,"href":"https:\/\/radim.martynek.cz\/index.php?rest_route=\/wp\/v2\/posts\/1474\/revisions"}],"predecessor-version":[{"id":2441,"href":"https:\/\/radim.martynek.cz\/index.php?rest_route=\/wp\/v2\/posts\/1474\/revisions\/2441"}],"wp:attachment":[{"href":"https:\/\/radim.martynek.cz\/index.php?rest_route=%2Fwp%2Fv2%2Fmedia&parent=1474"}],"wp:term":[{"taxonomy":"category","embeddable":true,"href":"https:\/\/radim.martynek.cz\/index.php?rest_route=%2Fwp%2Fv2%2Fcategories&post=1474"},{"taxonomy":"post_tag","embeddable":true,"href":"https:\/\/radim.martynek.cz\/index.php?rest_route=%2Fwp%2Fv2%2Ftags&post=1474"}],"curies":[{"name":"wp","href":"https:\/\/api.w.org\/{rel}","templated":true}]}}