{"id":1491,"date":"2022-12-04T09:01:22","date_gmt":"2022-12-04T08:01:22","guid":{"rendered":"http:\/\/radim.martynek.cz\/?p=1491"},"modified":"2022-12-09T08:15:36","modified_gmt":"2022-12-09T07:15:36","slug":"kdyz-nemuzes-pridej-vic","status":"publish","type":"post","link":"https:\/\/radim.martynek.cz\/?p=1491","title":{"rendered":"Kdy\u017e nem\u016f\u017ee\u0161, p\u0159idej v\u00edc\u2026"},"content":{"rendered":"\n<p>Kdykoli kdokoli \u0159ekl, \u017ee n\u011bco nejde, hluboce jsem se zamyslel, jak dok\u00e1zat, \u017ee to jde :-) Nikdy jsem ne\u010dekal, a\u017e mi \u00fasp\u011bch spadne do kl\u00edna. Pron\u00e1sledoval jsem ho \u0161\u00edlen\u00fdm tempem, co\u017e je d\u016fvod, pro\u010d je tak m\u00e1lo Beran\u016f z\u00e1visl\u00fdch na soci\u00e1ln\u00ed podpo\u0159e :-)<\/p>\n\n\n\n<p><strong>P\u0159\u00edb\u011bhy v tomto \u010dl\u00e1nku nejsou smy\u0161len\u00e9, ale nejsou zde taky proto, abych se chlubil, co v\u0161e jsem dok\u00e1zal, ale abych uk\u00e1zal, \u017ee pokud jeden \u010dlov\u011bk dok\u00e1\u017ee tu nejnepravd\u011bpodobn\u011bj\u0161\u00ed v\u011bc (jako \u017ee 12let\u00e1 holka vy\u0161plh\u00e1 nejt\u011b\u017e\u0161\u00ed sk\u00e1lu v zemi, na kterou si ani zku\u0161en\u00ed lezci netroufnou), jin\u00fd \u010dlov\u011bk dok\u00e1\u017ee, cokoli si zamane p\u0159esn\u011b v r\u00e1mci hesla <em>cokoli si dok\u00e1\u017ee\u0161 p\u0159edstavit, to dok\u00e1\u017ee\u0161 uskute\u010dnit.<\/em><\/strong><\/p>\n\n\n\n<p class=\"has-text-align-center\"><em>\u201eNikdy ne\u0159\u00edkejte, \u017ee n\u011bco nejde. D\u0159\u00edve \u010di pozd\u011bji se najde n\u011bkdo, kdo nev\u00ed, \u017ee to nejde, a dok\u00e1\u017ee to.\u201c<br>William Wilberforce<\/em><\/p>\n\n\n\n<p>Kdy\u017e mi p\u0159ed covidem kamar\u00e1dka vypr\u00e1v\u011bla, jak je n\u00e1ro\u010dn\u00e9 z\u00edskat zbrojn\u00ed pr\u016fkaz a co v\u0161e to obn\u00e1\u0161\u00ed a jak ji u\u017e t\u0159ikr\u00e1t vyhodili od zkou\u0161ky, p\u0159ijal jsem to jako v\u00fdzvu. Na\u0161prtal jsem se ot\u00e1zky (tedy sp\u00ed\u0161e odpov\u011bdi), zaplatil si 3hodinov\u00fd kurz manipulace se zbran\u00ed a t\u011b\u0161il se na zkou\u0161ky. P\u0159i\u0161el covid, zkou\u0161ky byly zru\u0161eny (co kdyby koronavir \u010d\u00edhal na ter\u010di), v\u00a0\u00fa\u010dinnost vstoupila novela z\u00e1kona a j\u00e1 se za\u010dal od p\u00edky u\u010dit ot\u00e1zky nov\u00e9. Ze skupiny 12 \u017eadatel\u016f zvl\u00e1dlo teoretickou \u010d\u00e1st 10 \u00fa\u010dastn\u00edk\u016f. Z\u00a0t\u011bch 10 zvl\u00e1dli praktickou \u010d\u00e1st jen 4. Nezapomenu, kdy\u017e jeden z\u00a0frekventant\u016f kurzu na povel \u201euchopte zbra\u0148\u201c omylem oto\u010dil hlave\u0148 na zkou\u0161ej\u00edc\u00edho komisa\u0159e. V\u00a0tu chv\u00edli \u2013 s\u00a0\u00fa\u017easem v\u00a0o\u010d\u00edch v\u0161ech, kte\u0159\u00ed pozorovali jeho zkou\u0161ku \u2013 od n\u00ed vylet\u011bl. Samoz\u0159ejm\u011b nelze b\u011bhem zkou\u0161ky nam\u00ed\u0159it zbra\u0148 mimo bezpe\u010dn\u00fd \u00fahel. <strong>V\u00fdzva byla p\u0159ijata a spln\u011bna.<\/strong> Z\u00edskal jsem zbrojn\u00ed pr\u016fkaz a pak i pr\u016fkaz zbran\u011b.<\/p>\n\n\n\n<p class=\"has-text-align-center\"><em>\u201eNe\u0159\u00edkej, \u017ee nem\u016f\u017ee\u0161, kdy\u017e nechce\u0161! P\u0159ijdou dnov\u00e9, kdy to bude daleko slo\u017eit\u011bj\u0161\u00ed a hor\u0161\u00ed: <\/em><br><em>bude\u0161 cht\u00edt a nebude\u0161 moci.\u201c<br>Jan Werich <\/em><\/p>\n\n\n\n<p>Jin\u00e1 kamar\u00e1dka mi vypr\u00e1v\u011bla, jak n\u00e1ro\u010dn\u00fd je pole dance, jak je t\u011b\u017ek\u00e9 udr\u017eet se na ty\u010di, jak to \u0161\u00edlen\u011b bol\u00ed a \u017ee to nezvl\u00e1dne kdekdo, a \u017ee to vy\u017eaduje obrovskou v\u00fddr\u017e, trp\u011blivost a discipl\u00ednu. Dostala m\u011b ale t\u00edm, \u017ee se ur\u010ditou figuru (viz n\u00ed\u017ee) u\u010dila 4 m\u011bs\u00edce.<\/p>\n\n\n\n<p>Moc m\u011b l\u00e1kala p\u0159edstava dostat 85 kg \u2013 navzdory gravitaci \u2013 na vertik\u00e1ln\u00ed ty\u010d. Po 7 lekc\u00edch gymnastiky na ty\u010di jsem zvl\u00e1dal divy a onu figuru jsem se nau\u010dil za 4 minuty. Je pravdou, \u017ee jsem n\u011bkolikr\u00e1t z&nbsp;ty\u010de spadl, ale jen ten u\u010den\u00fd z&nbsp;nebe nespadl :-) Mimochodem: Na Z\u0160 jsem nen\u00e1vid\u011bl \u0161plh, proto\u017ee mi ne\u0161el \u2013 u pole dance jsem ho miloval. Do\u0161lo mi, \u017ee v&nbsp;hodin\u00e1ch t\u011blocviku to bylo jen o tom, \u017ee n\u00e1m nikdo nevysv\u011btlil techniku. Soudruh u\u010ditel jen za\u0159val: \u201eLez!\u201c <strong>V\u00fdzva byla p\u0159ijata a spln\u011bna.<\/strong><\/p>\n\n\n<div class=\"wp-block-image\">\n<figure class=\"aligncenter size-full\"><a href=\"https:\/\/radim.martynek.cz\/wp-content\/uploads\/image-2.png\"><img loading=\"lazy\" decoding=\"async\" width=\"616\" height=\"889\" src=\"https:\/\/radim.martynek.cz\/wp-content\/uploads\/image-2.png\" alt=\"\" class=\"wp-image-1493\" srcset=\"https:\/\/radim.martynek.cz\/wp-content\/uploads\/image-2.png 616w, https:\/\/radim.martynek.cz\/wp-content\/uploads\/image-2-208x300.png 208w\" sizes=\"auto, (max-width: 616px) 100vw, 616px\" \/><\/a><figcaption><a rel=\"noreferrer noopener\" href=\"https:\/\/radim.martynek.cz\/?p=526\" target=\"_blank\">Jak jsem se dostal k&nbsp;pole dance<\/a><\/figcaption><\/figure>\n<\/div>\n\n\n<p class=\"has-text-align-center\"><em>\u201eNe\u0159\u00edkej, \u017ee to nejde.<br>Rad\u011bji \u0159ekni, \u017ee to zat\u00edm neum\u00ed\u0161.\u201c<br>Tom\u00e1\u0161 Ba\u0165a<\/em><\/p>\n\n\n\n<p>Pamatuji, kdy\u017e mi p\u0159ed lety jeden tajemn\u00edk po telefonu vypr\u00e1v\u011bl, jak b\u011bhem sv\u00e9 dovolen\u00e9 zl\u00e9zal sk\u00e1ly. Nev\u011b\u0159\u00edcn\u011b jsem kroutil hlavou a uji\u0161\u0165oval ho, \u017ee j\u00e1 na sk\u00e1ly kouk\u00e1m nanejv\u00fd\u0161 v televizi! Nejsem sice \u017e\u00e1dn\u00fd blon\u010fat\u00fd Ken z&nbsp;gau\u010de od Mattela, ale dostat v&nbsp;t\u00e9 dob\u011b 110 kg do 1. patra \u00fa\u0159adu bez v\u00fdtahu jsem pova\u017eoval za olympijskou discipl\u00ednu. Jen\u017ee on \u0159ekl n\u011bco, co \u0159\u00edkat nem\u011bl: \u201eCh\u00e1pu, \u017ee lid\u00e9 s&nbsp;nadv\u00e1hou prost\u011b na takov\u00fd sport nemaj\u00ed a st\u011b\u017e\u00ed dolezou k ledni\u010dce\u2026\u201c A t\u00edm m\u011b do\u017eral. Zav\u0159el jsem ledni\u010dku, do\u017eral sousto, odplazil se k&nbsp;po\u010d\u00edta\u010di, objednal si ferratov\u00fd kurz na Vyso\u010din\u011b, pak s&nbsp;instruktorem absolvoval v\u00fdlet do Alp na svou prvn\u00ed D-ferratu a zcela propadl kouzlu zaji\u0161t\u011bn\u00e9ho lezen\u00ed. <strong>V\u00fdzva byla p\u0159ijata a spln\u011bna.<\/strong><\/p>\n\n\n\n<p>Obt\u00ed\u017enost se uv\u00e1d\u00ed na \u0161k\u00e1le A a\u017e F, kdy A je ch\u016fze po rovn\u00e9 traverze (nen\u00e1ro\u010dn\u00e1 na s\u00edlu v&nbsp;rukou \u010di nohou) a F je nejt\u011b\u017e\u0161\u00ed lezen\u00ed obvykle s&nbsp;p\u0159evisem (n\u00e1ro\u010dn\u00e9 na s\u00edlu v&nbsp;rukou a v\u00fddr\u017e).<\/p>\n\n\n<div class=\"wp-block-image\">\n<figure class=\"aligncenter size-full\"><a href=\"https:\/\/radim.martynek.cz\/wp-content\/uploads\/image-3.png\"><img loading=\"lazy\" decoding=\"async\" width=\"635\" height=\"860\" src=\"https:\/\/radim.martynek.cz\/wp-content\/uploads\/image-3.png\" alt=\"\" class=\"wp-image-1494\" srcset=\"https:\/\/radim.martynek.cz\/wp-content\/uploads\/image-3.png 635w, https:\/\/radim.martynek.cz\/wp-content\/uploads\/image-3-222x300.png 222w\" sizes=\"auto, (max-width: 635px) 100vw, 635px\" \/><\/a><figcaption>Jak jsem se dostal k\u00a0lezen\u00ed v\u00a0<a href=\"https:\/\/radim.martynek.cz\/?p=254\">tomhle<\/a> a v <a href=\"https:\/\/radim.martynek.cz\/?p=391\">tomhle<\/a> \u010dl\u00e1nku.<br>Na fotce Dolomity \u2013 vrchol nad mraky \u2013 snadn\u00fd \u00fasek obt\u00ed\u017enosti B.<\/figcaption><\/figure>\n<\/div>\n\n\n<p>Pro ferraty jsem nadchl i svou partnerku \u2013 \u0159\u00edkejme j\u00ed \u0160\u00e1rka, proto\u017ee se tak jmenuje \u2013 a tak jsme po absolvovan\u00fdch v\u00fdstupech na Ledovou st\u011bnu, Jezern\u00ed st\u011bnu a Sl\u00e1nskou sk\u00e1lu vzali na\u0161e t\u0159i holky na Velkou dohodu v&nbsp;Moravsk\u00e9m krasu. Je tam n\u011bkolik zaji\u0161t\u011bn\u00fdch tras do obt\u00ed\u017enosti E. Obt\u00ed\u017enost F v&nbsp;\u010cesku nen\u00ed, tak\u017ee tato sk\u00e1la je nejt\u011b\u017e\u0161\u00ed v&nbsp;\u010cR. Nejmen\u0161\u00ed z&nbsp;dcer \u0161la s&nbsp;maminkou na lanov\u00fd park a j\u00e1 verb\u00e1ln\u011b jistil dv\u011b star\u0161\u00ed zezdola. S&nbsp;jistotou zl\u00e9zaly obt\u00ed\u017enost B, pomaleji lezly v&nbsp;\u00fasec\u00edch C a kdy\u017e jsem vid\u011bl, jak se perou s&nbsp;obt\u00ed\u017enost\u00ed D, tak jsem pod sk\u00e1lou zat\u00ednal bicepsy a pro\u017e\u00edval to s&nbsp;nimi. Zvl\u00e1dly D, dokon\u010dily trasu a slezly dol\u016f. Hodn\u011b se mi ulevilo. A\u017e n\u00e1hle Ver\u010da pronesla: \u201eJe tu i n\u011bco t\u011b\u017e\u0161\u00edho?\u201c V&nbsp;poledn\u00edm slunci se moje zorni\u010dky rozjely do v\u0161ech stran a j\u00e1 p\u0159em\u00fd\u0161lel, jestli m\u00e1m zalhat, nebo \u0159\u00edct pravdu. \u201eA m\u016f\u017eu to zkusit?\u201c pokra\u010dovala, kdy\u017e jsem uk\u00e1zal na sk\u00e1lu obt\u00ed\u017enosti E.<\/p>\n\n\n\n<p>Jakmile zacvakla karabinu na ocelov\u00e9 lano, ruch na ostatn\u00edch tras\u00e1ch ustal. Ostatn\u00ed lezci se zajistili v odsedk\u00e1ch, pohodln\u011b se usadili na sk\u00e1le a s\u00a0\u00fa\u017easem z\u00edrali na tu 12letou blond\u00fdnku, jak se chyst\u00e1 na nejt\u011b\u017e\u0161\u00ed sk\u00e1lu v\u00a0zemi. Lid\u00e9 v\u00a0p\u0159epln\u011bn\u00e9m are\u00e1lu ztichli a z\u00edrali vzh\u016fru na pomal\u00fd, ale jistojist\u00fd v\u00fdstup Ver\u010di, kterou jsem zezdola navigoval. Majitel are\u00e1lu a dva vysokohor\u0161t\u00ed v\u016fdci p\u0159i\u0161li \u201eposlepu\u201c ke mn\u011b, ani\u017e by ztratili o\u010dn\u00ed kontakt s\u00a0lezkyn\u00ed na sk\u00e1le. \u201eV\u00edte, \u017ee tuhle sk\u00e1lu letos je\u0161t\u011b nikdo nevylezl?\u201c ptal se prvn\u00ed a varoval m\u011b tak p\u0159ed p\u0159\u00edpadn\u00fdm krachem Ver\u010diny expedice. \u201eTak to ne\u0159\u00edkejte nahlas,\u201c za\u0161eptal jsem. \u201eJak dlouho vlastn\u011b zl\u00e9z\u00e1 Va\u0161e dcera sk\u00e1ly?\u201c ptal se druh\u00fd. \u201eJe na sk\u00e1le poprv\u00e9 v\u00a0\u017eivot\u011b,\u201c \u0161eptl jsem a perifern\u00edm zrakem vid\u011bl, jak jsem v\u0161em t\u0159em vyrazil touto informac\u00ed dech. Kdy\u017e Ver\u010da dos\u00e1hla vrcholu, obrovsk\u00e9 ticho p\u0159ehlu\u0161il nad\u0161en\u00fd potlesk a p\u00edskot v\u0161ech lezc\u016f, instruktor\u016f i majitele. Ona prost\u011b nev\u011bd\u011bla, \u017ee to nejde vyl\u00e9zt, proto to zkusila a zvl\u00e1dla to. <strong>V\u00fdzva byla p\u0159ijata a spln\u011bna.<\/strong><\/p>\n\n\n\n<p class=\"has-text-align-center\"><em>\u201eKdy\u017e nem\u016f\u017ee\u0161, p\u0159idej v\u00edc \u2013 zak\u0159i\u010d prost\u011b z pln\u00fdch plic,<br>\u017ee slovo nejde neexistuje \u2013 slovo nejde neexistuje\u2026<br>Kdy\u017e nem\u016f\u017ee\u0161, p\u0159idej v\u00edc \u2013 zak\u0159i\u010d prost\u011b z pln\u00fdch plic,<br>\u017ee to d\u00e1\u0161, na to m\u00e1\u0161 \u2013 \u017ee to d\u00e1\u0161\u2026\u201c<br>Mirai<\/em><\/p>\n\n\n\n<p><strong>A\u017e V\u00e1m bude n\u011bkdo \u0159\u00edkat, \u017ee n\u011bco nejde &#8230; nebo kdykoli se zaseknete a nem\u016f\u017eete se hnout d\u00e1l, vzpome\u0148te si na okam\u017eiky ze sv\u00e9ho \u017eivota, kdy jste zvl\u00e1dli n\u011bco, co na prvn\u00ed pohled vypadalo nere\u00e1ln\u011b.<\/strong><\/p>\n\n\n<div class=\"wp-block-image\">\n<figure class=\"aligncenter size-large\"><a href=\"https:\/\/radim.martynek.cz\/wp-content\/uploads\/image-4.png\"><img loading=\"lazy\" decoding=\"async\" width=\"768\" height=\"1024\" src=\"https:\/\/radim.martynek.cz\/wp-content\/uploads\/image-4-768x1024.png\" alt=\"\" class=\"wp-image-1495\" srcset=\"https:\/\/radim.martynek.cz\/wp-content\/uploads\/image-4-768x1024.png 768w, https:\/\/radim.martynek.cz\/wp-content\/uploads\/image-4-225x300.png 225w, https:\/\/radim.martynek.cz\/wp-content\/uploads\/image-4.png 1122w\" sizes=\"auto, (max-width: 768px) 100vw, 768px\" \/><\/a><figcaption>Nejt\u011b\u017e\u0161\u00ed trasa v\u00a0\u010cR \u2013 obt\u00ed\u017enost E \u2013 naho\u0159e s\u00a0p\u0159evisem \u2013 jist\u00edc\u00ed ocelov\u00e9 lano typick\u00e9 pro ferratov\u00e9 trasy<\/figcaption><\/figure>\n<\/div>","protected":false},"excerpt":{"rendered":"<p>Kdykoli kdokoli \u0159ekl, \u017ee n\u011bco nejde, hluboce jsem se zamyslel, jak dok\u00e1zat, \u017ee to jde :-) Nikdy jsem ne\u010dekal, a\u017e mi \u00fasp\u011bch spadne do kl\u00edna. Pron\u00e1sledoval jsem ho \u0161\u00edlen\u00fdm tempem, co\u017e je d\u016fvod, pro\u010d je tak m\u00e1lo Beran\u016f z\u00e1visl\u00fdch na soci\u00e1ln\u00ed podpo\u0159e :-) P\u0159\u00edb\u011bhy v tomto \u010dl\u00e1nku nejsou smy\u0161len\u00e9, ale nejsou zde taky proto, abych&#8230;<\/p>\n","protected":false},"author":10,"featured_media":0,"comment_status":"open","ping_status":"","sticky":false,"template":"","format":"standard","meta":{"footnotes":""},"categories":[4],"tags":[],"class_list":["post-1491","post","type-post","status-publish","format-standard","hentry","category-ze-zivota"],"_links":{"self":[{"href":"https:\/\/radim.martynek.cz\/index.php?rest_route=\/wp\/v2\/posts\/1491","targetHints":{"allow":["GET"]}}],"collection":[{"href":"https:\/\/radim.martynek.cz\/index.php?rest_route=\/wp\/v2\/posts"}],"about":[{"href":"https:\/\/radim.martynek.cz\/index.php?rest_route=\/wp\/v2\/types\/post"}],"author":[{"embeddable":true,"href":"https:\/\/radim.martynek.cz\/index.php?rest_route=\/wp\/v2\/users\/10"}],"replies":[{"embeddable":true,"href":"https:\/\/radim.martynek.cz\/index.php?rest_route=%2Fwp%2Fv2%2Fcomments&post=1491"}],"version-history":[{"count":8,"href":"https:\/\/radim.martynek.cz\/index.php?rest_route=\/wp\/v2\/posts\/1491\/revisions"}],"predecessor-version":[{"id":1518,"href":"https:\/\/radim.martynek.cz\/index.php?rest_route=\/wp\/v2\/posts\/1491\/revisions\/1518"}],"wp:attachment":[{"href":"https:\/\/radim.martynek.cz\/index.php?rest_route=%2Fwp%2Fv2%2Fmedia&parent=1491"}],"wp:term":[{"taxonomy":"category","embeddable":true,"href":"https:\/\/radim.martynek.cz\/index.php?rest_route=%2Fwp%2Fv2%2Fcategories&post=1491"},{"taxonomy":"post_tag","embeddable":true,"href":"https:\/\/radim.martynek.cz\/index.php?rest_route=%2Fwp%2Fv2%2Ftags&post=1491"}],"curies":[{"name":"wp","href":"https:\/\/api.w.org\/{rel}","templated":true}]}}