{"id":1682,"date":"2023-03-24T08:24:25","date_gmt":"2023-03-24T07:24:25","guid":{"rendered":"http:\/\/radim.martynek.cz\/?p=1682"},"modified":"2023-04-19T11:56:11","modified_gmt":"2023-04-19T10:56:11","slug":"k-seminari-ako-spravne-sobasit-alebo-co-by-mala-ovladat-matrikarka-a-kazdy-sobasiaci","status":"publish","type":"post","link":"https:\/\/radim.martynek.cz\/?p=1682","title":{"rendered":"K\u00a0semin\u00e1\u0159i Ako spr\u00e1vne sob\u00e1\u0161i\u0165 alebo \u010do by mala ovl\u00e1da\u0165 matrik\u00e1rka a ka\u017ed\u00fd sob\u00e1\u0161iaci"},"content":{"rendered":"\n<p>A\u010dkoli <a rel=\"noreferrer noopener\" href=\"https:\/\/radim.martynek.cz\/?p=1646\" target=\"_blank\">svatebn\u00ed semin\u00e1\u0159 po\u0159\u00e1d\u00e1me v \u010cR<\/a> dvakr\u00e1t do roka, na Slovensko jsme se vr\u00e1tili po 7 letech. Stalo se to, co ka\u017ed\u00fd o\u010dek\u00e1val\u2026 \u010c\u00e1st p\u0159ihl\u00e1\u0161en\u00fdch v\u016fbec nedorazila\u2026 Kdy\u017e jsme urgovali neuhrazenou fakturu, tak se ozvali, \u017ee pro\u010d by platili, kdy\u017e nep\u0159ijeli \ud83d\ude03 Neuv\u011b\u0159iteln\u00e9!<br>Stalo se ale i to, co nikdo ne\u010dekal: P\u0159ijeli \u00fa\u010dastn\u00edci, kte\u0159\u00ed p\u0159ihl\u00e1\u0161en\u00ed v\u016fbec nebyli. Ale i s&nbsp;t\u00edm jsme si poradili.<\/p>\n\n\n\n<p>Slovensk\u00e9 publikum je v&nbsp;n\u011b\u010dem jin\u00e9\u2026 Je v\u0159elej\u0161\u00ed, je vd\u011b\u010dn\u011bj\u0161\u00ed\u2026 \u017de to bude jin\u00e9, m\u011b napadlo, jakmile jsem dorazil o den d\u0159\u00edve do hotelu a vid\u011bl ten v\u0161udep\u0159\u00edtomn\u00fd \u00fasm\u011bv, zdvo\u0159ilost, \u00factu k&nbsp;z\u00e1kazn\u00edkovi\u2026 Cel\u00fdch 96 % \u00fa\u010dastn\u00edk\u016f bylo spokojeno. V\u0161echna hodnocen\u00ed by se dala shrnout do tohoto jednoho e-mailu:<\/p>\n\n\n\n<p class=\"has-text-align-center\"><em>Dovo\u013ete mi touto cestou sa po\u010fakova\u0165&nbsp; za v\u00fdnimo\u010dn\u00fd z\u00e1\u017eitok zo semin\u00e1ra, ktor\u00fd sa konal&nbsp; 21.03.2023 v&nbsp;Banskej Bystrici. Semin\u00e1r bol v\u00fdnimo\u010dn\u00fd nie len obsahom, ale aj perfektnou organiz\u00e1ciou a atmosf\u00e9rou od za\u010diatku, a\u017e n\u00e1m bolo \u013e\u00fato, \u017ee sa semin\u00e1r kon\u010d\u00ed. Ver\u00edm, \u017ee m\u00f4\u017eem k\u013eudne p\u00edsa\u0165 &nbsp;za n\u00e1s v\u0161etk\u00fdch &nbsp;\u00fa\u010dastn\u00edkov.&nbsp; Va\u0161e v\u00fdkony sme ocenili potleskom, ale pocit, pretrv\u00e1va aj na\u010falej. Bolo z\u00e1\u017eitkom V\u00e1s po\u010d\u00fava\u0165, V\u00e1s osobne, aj p. \u0160pa\u010dka, &nbsp;je to vynikaj\u00faci re\u010dn\u00edk, pr\u00edjemn\u00fd \u010dlovek, profesion\u00e1l s&nbsp;ve\u013ek\u00fdm \u201eP\u201c, ale s&nbsp;\u013eudsk\u00fdm rozmerom, jeho n\u00e1zory a&nbsp;sk\u00fasenosti &nbsp;sa nie len dobre po\u010d\u00favaj\u00fa, podporen\u00e9 aj obrazom, ale v&nbsp;jeho prejave bola aj \u013eudskos\u0165, a&nbsp;snaha otvori\u0165 n\u00e1m o\u010di, aby sme si v\u00e1\u017eili to \u010do m\u00e1me,&nbsp; na \u010do zab\u00fadame, neuvedomujeme si to alebo nechceme, ako sa m\u00e1me dobre&#8230; &nbsp;a&nbsp;to, \u017ee spomenul p\u00e1na Wintona, to mi vh\u00e1\u0148alo slzy to o\u010d\u00ed, m\u00e1m dojem, \u017ee aj jemu sa o&nbsp;tom \u0165a\u017eko hovor\u00ed&nbsp; a&nbsp;to len t\u00fdm \u013eu\u010fom, ktor\u00ed ch\u00e1pu v\u00fdznam ocenenia \u201eSpravodliv\u00fd medzi n\u00e1rodmi\u201c&nbsp; &#8230;.<\/em><br><em>Tento semin\u00e1r bude pre m\u0148a pr\u00ednosom asi nav\u017edy, lebo som \u201eutrpela\u201c &nbsp;trval\u00e9 \u201en\u00e1sledky\u201c, a&nbsp;zistila som to pri pozeran\u00ed TV, hlavne spr\u00e1v, \u017ee som nesledovala&nbsp; mu\u017ea na obrazovke, aj ke\u010f sa tam uk\u00e1zal len na p\u00e1r sek\u00fand, nevn\u00edmala som \u010do hovor\u00ed, ale \u010di m\u00e1 spr\u00e1vny oblek, \u010di m\u00e1 spr\u00e1vnu kravatu ku golieru na ko\u0161eli, \u010di je v\u0161etko zos\u00faladen\u00e9, a&nbsp;spr\u00e1vne pod\u013ea z\u00e1sad, ktor\u00e9 ste n\u00e1m takou zauj\u00edmavou formou predniesli.<\/em><\/p>\n\n\n\n<p>Ale na\u0161lo se i&nbsp;5 nespokojen\u00fdch lid\u00ed: <em>slab\u00e1 k\u00e1va, studen\u00fd \u010daj, tvrd\u00e9 bagety, \u0161patn\u00ed lekto\u0159i, m\u00e1lo sv\u011btla, moc sv\u011btla, velk\u00e1 zima, velk\u00e9 teplo, m\u00e1lo toalet, \u2026 <\/em>Ale to je norm\u00e1ln\u00ed \u2013 nelze se zavd\u011b\u010dit v\u0161em.<\/p>\n\n\n\n<p>Za komick\u00fd vn\u00edm\u00e1m fakt, \u017ee v\u0161ichni p\u0159ihl\u00e1\u0161en\u00ed v&nbsp;registraci na semin\u00e1\u0159 odsouhlasili v\u0161eobecn\u00e9 obchodn\u00ed podm\u00ednky. V\u0161em jsme vystavili faktury a v\u011bt\u0161ina zaplatila. N\u011bkte\u0159\u00ed z&nbsp;nich 2\u20133 dny p\u0159ed semin\u00e1\u0159em napsali, \u017ee nep\u0159ijedou a cht\u011bj\u00ed vr\u00e1tit \u00fa\u010dastnick\u00fd poplatek. N\u011bkte\u0159\u00ed se p\u0159ihl\u00e1sili, neuhradili fakturu a ani nep\u0159ijeli. \u010c\u00e1stku budeme samoz\u0159ejm\u011b vym\u00e1hat, proto\u017ee my jsme svou \u010d\u00e1st uzav\u0159en\u00e9 dohody splnili a semin\u00e1\u0159 zrealizovali. <strong>Uhradili jsme hotel a catering pro v\u0161echny p\u0159ihl\u00e1\u0161en\u00e9<\/strong> (i ty, kte\u0159\u00ed nep\u0159ijeli). Pokud jste nep\u0159ijeli, \u010d\u00e1stka V\u00e1m propad\u00e1. Nicm\u00e9n\u011b \u2013 na rozd\u00edl od jin\u00fdch firem \u2013 V\u00e1m d\u00e1v\u00e1me mo\u017enost vyu\u017e\u00edt nevyu\u017eit\u00e9 kurzovn\u00e9 na jin\u00fd n\u00e1\u0161 semin\u00e1\u0159, nap\u0159. semin\u00e1\u0159 etikety s Ladislavem \u0160pa\u010dkem, kter\u00fd chyst\u00e1me na 11\/2023 v Bratislav\u011b, pop\u0159. na\u0161e <a href=\"http:\/\/www.jaknadopisy.cz\" target=\"_blank\" rel=\"noreferrer noopener\">odborn\u00e9 publikace<\/a>, <a href=\"http:\/\/www.roman-on.cz\" target=\"_blank\" rel=\"noreferrer noopener\">rom\u00e1ny<\/a> nebo <em><a href=\"http:\/\/www.lek-dobrofen.cz\" target=\"_blank\" rel=\"noreferrer noopener\">l\u00e9ky<\/a><\/em>.<\/p>\n\n\n\n<p><strong>V\u00edte, jak pozn\u00e1te skv\u011ble odvedenou pr\u00e1ci? <\/strong>Sednete po semin\u00e1\u0159i do auta \u2013 tot\u00e1ln\u011b unaven\u00ed a se zbytky hlasu \u2013 a povolenou rychlost\u00ed se vyd\u00e1te ke slovensko-\u010desk\u00e9 hranici se \u010dtvrtinov\u00fdm \u00fasm\u011bvem, p\u0159i\u010dem\u017e si v&nbsp;hlav\u011b rekapitulujete sm\u00edch publika, potlesk i obdivn\u00e9 koment\u00e1\u0159e. P\u0159ijdete dom\u016f a jedin\u00e9, na co m\u00e1te energii, je otev\u0159\u00edt si l\u00e1hev v\u00edna podle pravidla \u201esedmi\u010dka v\u00edna je ide\u00e1ln\u00ed pro dva, pokud jeden z&nbsp;nich nepije\u201c, pustit si Louise Armstronga, nechat ko\u010dku lehnout si na v\u00e1\u0161 kl\u00edn a u\u017e jen relaxovat\u2026 <strong>Tak tomu se \u0159\u00edk\u00e1 \u00fasp\u011b\u0161n\u00fd narozeninov\u00fd den \ud83d\ude03<\/strong><\/p>\n\n\n\n<p>P. S. Krist\u00edna Mi\u0161ovi\u010dov\u00e1 (Obecn\u00fd \u00farad Moravsk\u00fd Sv\u00e4t\u00fd J\u00e1n) pro \u00fa\u010dastn\u00edky semin\u00e1\u0159e p\u0159elo\u017eila v\u0161echny svatebn\u00ed proslovy, a tak si je d\u00edky n\u00ed m\u016f\u017eete st\u00e1hnout <a rel=\"noreferrer noopener\" href=\"https:\/\/www.akademie-vzdelavani.cz\/download\/prihovory.docx\" target=\"_blank\">zde<\/a>. <\/p>\n\n\n\n<p>P. P. S. \u00davodn\u00ed slovo Zuzany Kred\u00e1tusov\u00e9, prezidentky, m\u016f\u017eete st\u00e1hnout <a href=\"http:\/\/www.akademie-vzdelavani.cz\/download\/akosobasit.docx\" target=\"_blank\" rel=\"noreferrer noopener\">z t\u00e9to str\u00e1nky<\/a>.<\/p>\n","protected":false},"excerpt":{"rendered":"<p>A\u010dkoli svatebn\u00ed semin\u00e1\u0159 po\u0159\u00e1d\u00e1me v \u010cR dvakr\u00e1t do roka, na Slovensko jsme se vr\u00e1tili po 7 letech. Stalo se to, co ka\u017ed\u00fd o\u010dek\u00e1val\u2026 \u010c\u00e1st p\u0159ihl\u00e1\u0161en\u00fdch v\u016fbec nedorazila\u2026 Kdy\u017e jsme urgovali neuhrazenou fakturu, tak se ozvali, \u017ee pro\u010d by platili, kdy\u017e nep\u0159ijeli \ud83d\ude03 Neuv\u011b\u0159iteln\u00e9!Stalo se ale i to, co nikdo ne\u010dekal: P\u0159ijeli \u00fa\u010dastn\u00edci, kte\u0159\u00ed p\u0159ihl\u00e1\u0161en\u00ed v\u016fbec&#8230;<\/p>\n","protected":false},"author":10,"featured_media":0,"comment_status":"open","ping_status":"","sticky":false,"template":"","format":"standard","meta":{"footnotes":""},"categories":[4],"tags":[],"class_list":["post-1682","post","type-post","status-publish","format-standard","hentry","category-ze-zivota"],"_links":{"self":[{"href":"https:\/\/radim.martynek.cz\/index.php?rest_route=\/wp\/v2\/posts\/1682","targetHints":{"allow":["GET"]}}],"collection":[{"href":"https:\/\/radim.martynek.cz\/index.php?rest_route=\/wp\/v2\/posts"}],"about":[{"href":"https:\/\/radim.martynek.cz\/index.php?rest_route=\/wp\/v2\/types\/post"}],"author":[{"embeddable":true,"href":"https:\/\/radim.martynek.cz\/index.php?rest_route=\/wp\/v2\/users\/10"}],"replies":[{"embeddable":true,"href":"https:\/\/radim.martynek.cz\/index.php?rest_route=%2Fwp%2Fv2%2Fcomments&post=1682"}],"version-history":[{"count":18,"href":"https:\/\/radim.martynek.cz\/index.php?rest_route=\/wp\/v2\/posts\/1682\/revisions"}],"predecessor-version":[{"id":1711,"href":"https:\/\/radim.martynek.cz\/index.php?rest_route=\/wp\/v2\/posts\/1682\/revisions\/1711"}],"wp:attachment":[{"href":"https:\/\/radim.martynek.cz\/index.php?rest_route=%2Fwp%2Fv2%2Fmedia&parent=1682"}],"wp:term":[{"taxonomy":"category","embeddable":true,"href":"https:\/\/radim.martynek.cz\/index.php?rest_route=%2Fwp%2Fv2%2Fcategories&post=1682"},{"taxonomy":"post_tag","embeddable":true,"href":"https:\/\/radim.martynek.cz\/index.php?rest_route=%2Fwp%2Fv2%2Ftags&post=1682"}],"curies":[{"name":"wp","href":"https:\/\/api.w.org\/{rel}","templated":true}]}}