{"id":1756,"date":"2023-05-16T15:45:36","date_gmt":"2023-05-16T14:45:36","guid":{"rendered":"http:\/\/radim.martynek.cz\/?p=1756"},"modified":"2023-05-16T16:14:47","modified_gmt":"2023-05-16T15:14:47","slug":"jak-jsem-se-zbavil-strachu-z-vysek","status":"publish","type":"post","link":"https:\/\/radim.martynek.cz\/?p=1756","title":{"rendered":"Jak jsem se zbavil strachu z&nbsp;v\u00fd\u0161ek"},"content":{"rendered":"\n<p>N\u00e1hody neexistuj\u00ed! Ani v nejodv\u00e1\u017en\u011bj\u0161\u00edch my\u0161lenk\u00e1ch bych si nepomyslel, \u017ee jednou budu zl\u00e9zat sk\u00e1ly zaji\u0161t\u011bn\u00fd pouze na dvou karabin\u00e1ch, d\u00edvat se s chladnou hlavou bez z\u00e1vrat\u00ed do 30metrov\u00e9 hloubky, a dokonce si to budu u\u017e\u00edvat.<\/p>\n\n\n\n<p>Kdy\u017e jsem p\u0159ed x lety poprv\u00e9 v \u017eivot\u011b vyrazil do po\u0159\u00e1dn\u00fdch hor, Dolomit v It\u00e1lii, tak jsem si v\u016fbec netroufl pustit se na ferraty s v\u011bdom\u00edm, \u017ee to p\u0159ece nem\u016f\u017eu zvl\u00e1dnout. V t\u011blesn\u00e9 v\u00fdchov\u011b jsem nikdy nevynikal a vzpom\u00edn\u00e1m si, jak jsem byl na sebe py\u0161n\u00fd, kdy\u017e jsem poprv\u00e9 v&nbsp;\u0161est\u00e9 t\u0159\u00edd\u011b kone\u010dn\u011b vy\u0161plhal na ty\u010di.<\/p>\n\n\n\n<p>Po dlouh\u00fdch letech jsem op\u011bt vyrazil do hor, tentokr\u00e1t do Vysok\u00fdch Tater. Postupn\u011b jsem objevoval jejich kouzlo a z cel\u00e9ho pobytu jsem byl nad\u0161en\u00fd. A pak p\u0159i\u0161la nab\u00eddka Radima Martynka, jestli si nechci vyzkou\u0161et ferraty. M\u016fj strach mi \u0159\u00edkal:<\/p>\n\n\n\n<p class=\"has-text-align-center\"><strong>\u201eTo nezvl\u00e1dne\u0161! Nikdy jsi nic takov\u00e9ho ned\u011blal! U\u017e jsi na to star\u00fd!\u201c<\/strong><\/p>\n\n\n\n<p>Za m\u011bs\u00edc jsem zavolal Radimovi jsa p\u0159esv\u011bd\u010den, \u017ee slu\u0161n\u011b pod\u011bkuji a t\u00edm v\u0161e skon\u010d\u00ed. (Radime, d\u00edky za Tvou v\u00fd\u0159e\u010dnost a \u017ee jsi nahlodal m\u00e9 pochyby.) M\u016fj strach m\u011b ne\u00fanavn\u011b p\u0159esv\u011bd\u010doval, \u017ee tohle p\u0159ece nedok\u00e1\u017eu a pak jsem si \u0159ekl: <\/p>\n\n\n\n<p class=\"has-text-align-center\"><strong>\u201eKdo si sakra mysl\u00ed\u0161, \u017ee jsi, \u017ee si mysl\u00ed\u0161, \u017ee to nedok\u00e1\u017ee\u0161?!\u201c<\/strong><\/p>\n\n\n\n<p>A pak stoj\u00edte na prvn\u00ed p\u0159ek\u00e1\u017ece a najednou zjist\u00edte, \u017ee to jde mnohem l\u00e9pe, ne\u017e si \u010dlov\u011bk dok\u00e1zal p\u0159edstavit. Lezete d\u00e1l a d\u00e1l, lana, \u017eeb\u0159\u00edky, sk\u00e1ly, skoby, a ono to jde, ne \u017ee ne! A kdy\u017e u\u017e se v\u00e1m zd\u00e1, \u017ee to nep\u016fjde, \u017ee to fakt ned\u00e1te, stoj\u00ed vedle v\u00e1s p\u0159\u00e1tel\u00e9, kte\u0159\u00ed v\u00e1s povzbud\u00ed, uk\u00e1\u017eou, \u017ee to v\u00e1\u017en\u011b jde a spole\u010dn\u011b to zvl\u00e1dnete.<\/p>\n\n\n\n<p>Kdy\u017e jsem druh\u00fd den st\u00e1l jako provazolezec na jednom lan\u011b a d\u00edval se do hlubok\u00e9 str\u017ee pod sebou, op\u011bt se ozval m\u016fj strach. Hluboce jsem d\u00fdchal a polo\u017eil si ot\u00e1zku, kde je m\u00e1 hranice toho, kdy si \u0159ekne\u0161 <strong>to se ned\u00e1 \u2013 to nejde.<\/strong> Opravdu se to ned\u00e1, fakt to ani nezkus\u00ed\u0161? V&nbsp;\u017eivot\u011b se st\u00e1v\u00e1, \u017ee nen\u00ed cesta zp\u011bt. \u010clov\u011bk z\u016fstane st\u00e1t p\u0159ed p\u0159ek\u00e1\u017ekou a vzd\u00e1 to.<\/p>\n\n\n\n<p>Vzpomn\u011bl jsem si na svou prvn\u00ed vedouc\u00ed, kterou jsem st\u0159\u00eddal ve funkci. Ta v\u011bta se mi vryla do pam\u011bti, jako kr\u00e1ter po meteoritu:<\/p>\n\n\n\n<p class=\"has-text-align-center\"><strong>\u201eZde\u0148ku, to nezvl\u00e1dnete, Vy na to nem\u00e1te!\u201c<\/strong><\/p>\n\n\n\n<p>Opakovan\u011b jsem se p\u0159esv\u011bd\u010dil, \u017ee kdy\u017e se do toho pust\u00edm a p\u0159estanu se b\u00e1t, \u017ee to dok\u00e1\u017eu. A&nbsp;dok\u00e1zal. Byl to \u00fa\u017easn\u00fd pocit. V\u0161em bych p\u0159\u00e1l, a\u0165 se jim poda\u0159\u00ed ta t\u0159i slova \u2013 TO SE NED\u00c1 \u2013 dostat&nbsp;z&nbsp;hlavy.<\/p>\n\n\n\n<p>Informace k ferrat\u00e1m pod\u00e1 a obavy rozpt\u00fdl\u00ed: <a rel=\"noreferrer noopener\" href=\"https:\/\/cz.linkedin.com\/in\/zdenekopalka\" target=\"_blank\">Zden\u011bk Op\u00e1lka<\/a>, tajemn\u00edk \u00daM\u010c Brno-\u010cernovice<\/p>\n\n\n\n<p><strong>Z&nbsp;dal\u0161\u00edch \u010dl\u00e1nk\u016f pro inspiraci:<\/strong><\/p>\n\n\n\n<ul class=\"wp-block-list\"><li><a rel=\"noreferrer noopener\" href=\"https:\/\/radim.martynek.cz\/?p=254\" target=\"_blank\">O podpo\u0159e (nejen mezi p\u0159\u00e1teli)<\/a><\/li><li><a rel=\"noreferrer noopener\" href=\"https:\/\/radim.martynek.cz\/?p=391\" target=\"_blank\">Kdo chce, hled\u00e1 zp\u016fsoby, kdo nechce, hled\u00e1 d\u016fvody<\/a> <\/li><li><a rel=\"noreferrer noopener\" href=\"https:\/\/radim.martynek.cz\/?p=1491\" target=\"_blank\">Kdy\u017e nem\u016f\u017ee\u0161, p\u0159idej v\u00edc\u2026<\/a><\/li><\/ul>\n\n\n\n<p class=\"has-text-align-center\">A je\u0161t\u011b nab\u00eddka Akademie <em><strong>nev\u0161edn\u00edho <\/strong><\/em>vzd\u011bl\u00e1v\u00e1n\u00ed na <a href=\"https:\/\/www.akademie-vzdelavani.cz\/download\/ferraty.pdf\" target=\"_blank\" rel=\"noreferrer noopener\">ferratov\u00fd teambuilding<\/a> (PDF).<\/p>\n\n\n<div class=\"wp-block-image\">\n<figure class=\"aligncenter size-full\"><a href=\"https:\/\/radim.martynek.cz\/wp-content\/uploads\/zdenek-ferraty.jpg\"><img loading=\"lazy\" decoding=\"async\" width=\"604\" height=\"610\" src=\"https:\/\/radim.martynek.cz\/wp-content\/uploads\/zdenek-ferraty.jpg\" alt=\"\" class=\"wp-image-1757\" srcset=\"https:\/\/radim.martynek.cz\/wp-content\/uploads\/zdenek-ferraty.jpg 604w, https:\/\/radim.martynek.cz\/wp-content\/uploads\/zdenek-ferraty-297x300.jpg 297w, https:\/\/radim.martynek.cz\/wp-content\/uploads\/zdenek-ferraty-150x150.jpg 150w, https:\/\/radim.martynek.cz\/wp-content\/uploads\/zdenek-ferraty-100x100.jpg 100w\" sizes=\"auto, (max-width: 604px) 100vw, 604px\" \/><\/a><figcaption>N\u00e1dhern\u00e1, vzdu\u0161n\u00e1 ferrata v Gosau (s v\u00fdhledem na Dachstein)<\/figcaption><\/figure>\n<\/div>","protected":false},"excerpt":{"rendered":"<p>N\u00e1hody neexistuj\u00ed! Ani v nejodv\u00e1\u017en\u011bj\u0161\u00edch my\u0161lenk\u00e1ch bych si nepomyslel, \u017ee jednou budu zl\u00e9zat sk\u00e1ly zaji\u0161t\u011bn\u00fd pouze na dvou karabin\u00e1ch, d\u00edvat se s chladnou hlavou bez z\u00e1vrat\u00ed do 30metrov\u00e9 hloubky, a dokonce si to budu u\u017e\u00edvat. Kdy\u017e jsem p\u0159ed x lety poprv\u00e9 v \u017eivot\u011b vyrazil do po\u0159\u00e1dn\u00fdch hor, Dolomit v It\u00e1lii, tak jsem si v\u016fbec netroufl&#8230;<\/p>\n","protected":false},"author":8,"featured_media":0,"comment_status":"open","ping_status":"","sticky":false,"template":"","format":"standard","meta":{"footnotes":""},"categories":[1],"tags":[],"class_list":["post-1756","post","type-post","status-publish","format-standard","hentry","category-inspirace"],"_links":{"self":[{"href":"https:\/\/radim.martynek.cz\/index.php?rest_route=\/wp\/v2\/posts\/1756","targetHints":{"allow":["GET"]}}],"collection":[{"href":"https:\/\/radim.martynek.cz\/index.php?rest_route=\/wp\/v2\/posts"}],"about":[{"href":"https:\/\/radim.martynek.cz\/index.php?rest_route=\/wp\/v2\/types\/post"}],"author":[{"embeddable":true,"href":"https:\/\/radim.martynek.cz\/index.php?rest_route=\/wp\/v2\/users\/8"}],"replies":[{"embeddable":true,"href":"https:\/\/radim.martynek.cz\/index.php?rest_route=%2Fwp%2Fv2%2Fcomments&post=1756"}],"version-history":[{"count":5,"href":"https:\/\/radim.martynek.cz\/index.php?rest_route=\/wp\/v2\/posts\/1756\/revisions"}],"predecessor-version":[{"id":1763,"href":"https:\/\/radim.martynek.cz\/index.php?rest_route=\/wp\/v2\/posts\/1756\/revisions\/1763"}],"wp:attachment":[{"href":"https:\/\/radim.martynek.cz\/index.php?rest_route=%2Fwp%2Fv2%2Fmedia&parent=1756"}],"wp:term":[{"taxonomy":"category","embeddable":true,"href":"https:\/\/radim.martynek.cz\/index.php?rest_route=%2Fwp%2Fv2%2Fcategories&post=1756"},{"taxonomy":"post_tag","embeddable":true,"href":"https:\/\/radim.martynek.cz\/index.php?rest_route=%2Fwp%2Fv2%2Ftags&post=1756"}],"curies":[{"name":"wp","href":"https:\/\/api.w.org\/{rel}","templated":true}]}}