{"id":1869,"date":"2023-08-23T10:30:18","date_gmt":"2023-08-23T09:30:18","guid":{"rendered":"https:\/\/radim.martynek.cz\/?p=1869"},"modified":"2023-08-29T05:53:21","modified_gmt":"2023-08-29T04:53:21","slug":"letni-novinky-%f0%9f%90%b8","status":"publish","type":"post","link":"https:\/\/radim.martynek.cz\/?p=1869","title":{"rendered":"Letn\u00ed novinky \ud83d\udc38"},"content":{"rendered":"\n<p>Poprv\u00e9 za 11 let, co p\u00ed\u0161u \u010dl\u00e1nky, m\u011b n\u011bkdo <em>zprdnul, <\/em>\u017ee u\u017e dva t\u00fddny nic ode m\u011b ne\u010detl :-) A tak jsem se zamyslel a uv\u011bdomil si, \u017ee m\u00e1m spousty novinek, ale nem\u00e1m \u010das je na sv\u016fj blog d\u00e1vat. Mimochodem, v\u0161echna vyd\u00e1n\u00ed Nev\u0161edn\u00edk\u016f (od roku 2012) jsou k dispozici na m\u00e9m <a rel=\"noreferrer noopener\" href=\"https:\/\/nase.akademie-vzdelavani.cz\/galerie-informaci\/nevsednik.html\" target=\"_blank\">star\u00e9m webu<\/a>. Ten nov\u00fd je k dispozici <a href=\"https:\/\/www.akademie-vzdelavani.cz\/\" target=\"_blank\" rel=\"noreferrer noopener\">zde<\/a>.<\/p>\n\n\n\n<p>P\u0159ipravuji n\u011bco velk\u00e9ho&#8230; n\u011bco kr\u00e1sn\u00e9ho a \u0161\u00edlen\u00e9ho z\u00e1rove\u0148&#8230; ne tak kr\u00e1sn\u00e9ho a \u0161\u00edlen\u00e9ho jako je <a rel=\"noreferrer noopener\" href=\"https:\/\/www.csfd.cz\/film\/1286545-onemanshow-the-movie\/prehled\/\" target=\"_blank\">Kazm\u016fv nov\u00fd film<\/a>, ale n\u011bco, co zm\u011bn\u00ed v\u00e1\u0161 \u00fahel pohledu na v\u00e1\u0161 p\u0159\u00edstup ke sv\u00fdm rodi\u010d\u016fm&#8230; n\u011bco, nad \u010d\u00edm se zamysl\u00edte opravdu do hloubky a p\u0159ehodnot\u00edte sv\u016fj \u017eeb\u0159\u00ed\u010dek. To n\u011bco p\u0159ijde v roce 2024. Nechci p\u016fsobit tajn\u016fstk\u00e1\u0159sky, ale z n\u011bjak\u00e9ho d\u016fvodu nemohu nyn\u00ed odhalit [poentu].<\/p>\n\n\n\n<p>V r\u00e1mci dobrovolnick\u00e9 \u010dinnosti nav\u0161t\u011bvuji t\u0159i domovy pro seniory. Pov\u00edd\u00e1m si s klienty, hraju s nimi \u0161achy, chod\u00edm s nimi na kule\u010dn\u00edk, s jin\u00fdmi na pivo\/v\u00edno, p\u011bstujeme bylinky, zeleninu a kv\u011btiny, kter\u00e9 by podle n\u00e1vodu m\u011bly l\u00e1kat k sob\u011b mot\u00fdly. (\u0160koda jen, \u017ee ti mot\u00fdli ten n\u00e1vod ne\u010detli.) V r\u00e1mci aktivizace je bav\u00edm r\u016fzn\u00fdmi \u010dinnostmi (hlavn\u011b aby mozkov\u00e9 spoje sp\u00ednaly).<\/p>\n\n\n\n<figure class=\"wp-block-gallery has-nested-images columns-default is-cropped wp-block-gallery-1 is-layout-flex wp-block-gallery-is-layout-flex\">\n<figure class=\"wp-block-image size-large\"><a href=\"https:\/\/radim.martynek.cz\/wp-content\/uploads\/IMG_9696.jpeg\"><img loading=\"lazy\" decoding=\"async\" width=\"768\" height=\"1024\" data-id=\"1873\" src=\"https:\/\/radim.martynek.cz\/wp-content\/uploads\/IMG_9696-768x1024.jpeg\" alt=\"\" class=\"wp-image-1873\" srcset=\"https:\/\/radim.martynek.cz\/wp-content\/uploads\/IMG_9696-768x1024.jpeg 768w, https:\/\/radim.martynek.cz\/wp-content\/uploads\/IMG_9696-225x300.jpeg 225w, https:\/\/radim.martynek.cz\/wp-content\/uploads\/IMG_9696-1152x1536.jpeg 1152w, https:\/\/radim.martynek.cz\/wp-content\/uploads\/IMG_9696.jpeg 1536w\" sizes=\"auto, (max-width: 768px) 100vw, 768px\" \/><\/a><\/figure>\n\n\n\n<figure class=\"wp-block-image size-large\"><a href=\"https:\/\/radim.martynek.cz\/wp-content\/uploads\/IMG_9695.jpeg\"><img loading=\"lazy\" decoding=\"async\" width=\"768\" height=\"1024\" data-id=\"1872\" src=\"https:\/\/radim.martynek.cz\/wp-content\/uploads\/IMG_9695-768x1024.jpeg\" alt=\"\" class=\"wp-image-1872\" srcset=\"https:\/\/radim.martynek.cz\/wp-content\/uploads\/IMG_9695-768x1024.jpeg 768w, https:\/\/radim.martynek.cz\/wp-content\/uploads\/IMG_9695-225x300.jpeg 225w, https:\/\/radim.martynek.cz\/wp-content\/uploads\/IMG_9695-1152x1536.jpeg 1152w, https:\/\/radim.martynek.cz\/wp-content\/uploads\/IMG_9695.jpeg 1536w\" sizes=\"auto, (max-width: 768px) 100vw, 768px\" \/><\/a><\/figure>\n\n\n\n<figure class=\"wp-block-image size-large\"><a href=\"https:\/\/radim.martynek.cz\/wp-content\/uploads\/IMG_9694.jpeg\"><img loading=\"lazy\" decoding=\"async\" width=\"1024\" height=\"768\" data-id=\"1871\" src=\"https:\/\/radim.martynek.cz\/wp-content\/uploads\/IMG_9694-1024x768.jpeg\" alt=\"\" class=\"wp-image-1871\" srcset=\"https:\/\/radim.martynek.cz\/wp-content\/uploads\/IMG_9694-1024x768.jpeg 1024w, https:\/\/radim.martynek.cz\/wp-content\/uploads\/IMG_9694-300x225.jpeg 300w, https:\/\/radim.martynek.cz\/wp-content\/uploads\/IMG_9694-768x576.jpeg 768w, https:\/\/radim.martynek.cz\/wp-content\/uploads\/IMG_9694-1536x1152.jpeg 1536w, https:\/\/radim.martynek.cz\/wp-content\/uploads\/IMG_9694.jpeg 2048w\" sizes=\"auto, (max-width: 1024px) 100vw, 1024px\" \/><\/a><\/figure>\n<\/figure>\n\n\n\n<p>Spolu s&nbsp;klienty jsme pod okny DpS vytvo\u0159ili z&nbsp;ne\u00farodn\u00e9 p\u016fdy n\u00e1dhern\u00fd kus zahrady. Plevel jsme motykami vyprovodili ze z\u00e1honk\u016f pry\u010d a vzrostl\u00e9 kv\u011btiny jsme os\u00eddlili zat\u00edm jen um\u011bl\u00fdmi mot\u00fdly, kter\u00e9 senio\u0159i dozdobili tavnou pistol\u00ed. Okurky i raj\u010data za\u010dala plodit, rostliny se rozvily v&nbsp;kv\u011bt a okrasn\u00fd ke\u0159 Buddleja (komule Davidova) jsme nahradili ibi\u0161kem.<\/p>\n\n\n<div class=\"wp-block-image\">\n<figure class=\"aligncenter size-large is-resized\"><a href=\"https:\/\/radim.martynek.cz\/wp-content\/uploads\/IMG_9697.jpeg\"><img loading=\"lazy\" decoding=\"async\" src=\"https:\/\/radim.martynek.cz\/wp-content\/uploads\/IMG_9697-768x1024.jpeg\" alt=\"\" class=\"wp-image-1886\" width=\"384\" height=\"512\" srcset=\"https:\/\/radim.martynek.cz\/wp-content\/uploads\/IMG_9697-768x1024.jpeg 768w, https:\/\/radim.martynek.cz\/wp-content\/uploads\/IMG_9697-225x300.jpeg 225w, https:\/\/radim.martynek.cz\/wp-content\/uploads\/IMG_9697-1152x1536.jpeg 1152w, https:\/\/radim.martynek.cz\/wp-content\/uploads\/IMG_9697.jpeg 1536w\" sizes=\"auto, (max-width: 384px) 100vw, 384px\" \/><\/a><\/figure>\n<\/div>\n\n\n<p>Dal\u0161\u00ed mou obl\u00edbenou aktivitou je br\u00e1t seniory do m\u00edst, kter\u00e1 jsou v\u00fdznamn\u00fdm zp\u016fsobem spjata s jejich \u017eivotem. Ned\u00e1vno se jeden z&nbsp;klient\u016f zm\u00ednil, \u017ee kdysi pracovn\u011b str\u00e1vil 2 roky \u017eivota v&nbsp;bunkru 10-Z na Husov\u011b ulici \u2013 naproti Magistr\u00e1tu m\u011bsta Brna \u2013 tak jsem mu p\u0159ipravil tajn\u00fd v\u00fdlet a vzal ho po letech na exkurzi do m\u00edst d\u00e1vno zapomenut\u00fdch. I kdy\u017e \u201ezapomenut\u00fdch\u201c nen\u00ed \u00fapln\u011b vhodn\u00fd v\u00fdraz vzhledem k&nbsp;tomu, na co v\u0161echno si vzpomn\u011bl a o \u010dem v\u0161em se rozpov\u00eddal. \u0158eknu v\u00e1m, \u017ee lep\u0161\u00edho pr\u016fvodce po bunkru jsem si nemohl p\u0159\u00e1t :-) <\/p>\n\n\n<div class=\"wp-block-image\">\n<figure class=\"aligncenter size-full\"><a href=\"https:\/\/radim.martynek.cz\/wp-content\/uploads\/obrazek-6.png\"><img loading=\"lazy\" decoding=\"async\" width=\"340\" height=\"454\" src=\"https:\/\/radim.martynek.cz\/wp-content\/uploads\/obrazek-6.png\" alt=\"\" class=\"wp-image-1874\" srcset=\"https:\/\/radim.martynek.cz\/wp-content\/uploads\/obrazek-6.png 340w, https:\/\/radim.martynek.cz\/wp-content\/uploads\/obrazek-6-225x300.png 225w\" sizes=\"auto, (max-width: 340px) 100vw, 340px\" \/><\/a><\/figure>\n<\/div>\n\n\n<p>\u010c\u00e1st \u017eivota str\u00e1vil jako \u0159idi\u010d tramvaje a tak na\u0161e dal\u0161\u00ed cesta vedla pr\u00e1v\u011b tam. <strong>Sedadla pro t\u011blesn\u011b vadn\u00e9&nbsp;<\/strong>v tramvajov\u00e9m voze z roku 1926, uprost\u0159ed fotka <em>kanclu<\/em>&nbsp;uvnit\u0159 tramvaje, v n\u011bm\u017e zam\u011bstnankyn\u011b prod\u00e1vala j\u00edzdenky, na fotce napravo je ovl\u00e1dac\u00ed panel tramvaje \u010d\u00edtaj\u00edc\u00ed t\u0159i kliky a no\u017en\u00ed ped\u00e1l ovl\u00e1daj\u00edc\u00ed zvonek. A nejen to n\u00e1m s&nbsp;nad\u0161en\u00edm p\u0159edv\u00e1d\u011bli pracovn\u00edci dopravn\u00edho podniku.<\/p>\n\n\n\n<figure class=\"wp-block-gallery has-nested-images columns-default is-cropped wp-block-gallery-2 is-layout-flex wp-block-gallery-is-layout-flex\">\n<figure class=\"wp-block-image size-large\"><a href=\"https:\/\/radim.martynek.cz\/wp-content\/uploads\/IMG_9678.jpeg\"><img loading=\"lazy\" decoding=\"async\" width=\"1024\" height=\"768\" data-id=\"1875\" src=\"https:\/\/radim.martynek.cz\/wp-content\/uploads\/IMG_9678-1024x768.jpeg\" alt=\"\" class=\"wp-image-1875\" srcset=\"https:\/\/radim.martynek.cz\/wp-content\/uploads\/IMG_9678-1024x768.jpeg 1024w, https:\/\/radim.martynek.cz\/wp-content\/uploads\/IMG_9678-300x225.jpeg 300w, https:\/\/radim.martynek.cz\/wp-content\/uploads\/IMG_9678-768x576.jpeg 768w, https:\/\/radim.martynek.cz\/wp-content\/uploads\/IMG_9678-1536x1152.jpeg 1536w, https:\/\/radim.martynek.cz\/wp-content\/uploads\/IMG_9678.jpeg 2048w\" sizes=\"auto, (max-width: 1024px) 100vw, 1024px\" \/><\/a><\/figure>\n\n\n\n<figure class=\"wp-block-image size-large\"><a href=\"https:\/\/radim.martynek.cz\/wp-content\/uploads\/IMG_9676.jpeg\"><img loading=\"lazy\" decoding=\"async\" width=\"1024\" height=\"768\" data-id=\"1877\" src=\"https:\/\/radim.martynek.cz\/wp-content\/uploads\/IMG_9676-1024x768.jpeg\" alt=\"\" class=\"wp-image-1877\" srcset=\"https:\/\/radim.martynek.cz\/wp-content\/uploads\/IMG_9676-1024x768.jpeg 1024w, https:\/\/radim.martynek.cz\/wp-content\/uploads\/IMG_9676-300x225.jpeg 300w, https:\/\/radim.martynek.cz\/wp-content\/uploads\/IMG_9676-768x576.jpeg 768w, https:\/\/radim.martynek.cz\/wp-content\/uploads\/IMG_9676-1536x1152.jpeg 1536w, https:\/\/radim.martynek.cz\/wp-content\/uploads\/IMG_9676.jpeg 1728w\" sizes=\"auto, (max-width: 1024px) 100vw, 1024px\" \/><\/a><figcaption>Kliknut\u00edm zv\u011bt\u0161\u00edte<\/figcaption><\/figure>\n\n\n\n<figure class=\"wp-block-image size-large\"><a href=\"https:\/\/radim.martynek.cz\/wp-content\/uploads\/IMG_9670.jpeg\"><img loading=\"lazy\" decoding=\"async\" width=\"768\" height=\"1024\" data-id=\"1876\" src=\"https:\/\/radim.martynek.cz\/wp-content\/uploads\/IMG_9670-768x1024.jpeg\" alt=\"\" class=\"wp-image-1876\" srcset=\"https:\/\/radim.martynek.cz\/wp-content\/uploads\/IMG_9670-768x1024.jpeg 768w, https:\/\/radim.martynek.cz\/wp-content\/uploads\/IMG_9670-225x300.jpeg 225w, https:\/\/radim.martynek.cz\/wp-content\/uploads\/IMG_9670-1152x1536.jpeg 1152w, https:\/\/radim.martynek.cz\/wp-content\/uploads\/IMG_9670.jpeg 1536w\" sizes=\"auto, (max-width: 768px) 100vw, 768px\" \/><\/a><\/figure>\n<\/figure>\n\n\n\n<p class=\"has-text-align-center\"><em>K 1. fotce: Pokud jsme si nebyli v minulosti jisti, jak\u00fd titul m\u00e1 osoba, kter\u00e9 p\u00ed\u0161eme, tak jsme mohli pou\u017e\u00edt zkratku <strong>p. t.<\/strong>&nbsp;(nap\u0159\u00edklad p. t. Josef Nov\u00e1k), co\u017e znamen\u00e1 \u201epleno titulo\u201c a nazna\u010duje, \u017ee osoba n\u011bjak\u00fd titul m\u00e1, ale nechceme ho zkomolit. V dob\u011b internetu si titul dok\u00e1\u017eeme snadno zjistit, proto se zkratka ji\u017e neu\u017e\u00edv\u00e1.<\/em><\/p>\n\n\n\n<p>Nebojte, nebudu tu vypisovat v\u0161echny aktivity, co pro seniory a se seniory d\u011bl\u00e1m, neb nechci, aby m\u011bl n\u011bkdo pocit, \u017ee se chlub\u00edm. Chci t\u00edm \u0159\u00edci jedin\u00e9\u2026\u00a0<strong>V\u0161imn\u011bte si, jak va\u0161i rodi\u010dov\u00e9 tr\u00e1v\u00ed \u010das, zda se doma sami nenud\u00ed, zda existuj\u00ed p\u0159\u00e1n\u00ed, kter\u00e1 by bylo mo\u017eno jim splnit za zlomek va\u0161eho \u010dasu a energie.<\/strong> Zaji\u0161t\u011bn\u00ed exkurze do Dopravn\u00edho podniku m\u011bsta Brna m\u011b st\u00e1la jeden e-mail a jeden telefon\u00e1t. Reakce klienta byla k nezaplacen\u00ed:\u00a0<em>\u201eOml\u00e1dl jsem o 40 let. Je to nepopsateln\u00fd z\u00e1\u017eitek ocitnout se po tak dlouh\u00e9 dob\u011b v\u00a0m\u00edstech, kter\u00e1 pro m\u011b tolik znamenala.\u201c\u00a0<\/em><strong>Ve\u0161ker\u00fd \u010das, kter\u00fd nyn\u00ed investujete do sv\u00fdch rodi\u010d\u016f, investuj\u00ed jednou va\u0161e d\u011bti do v\u00e1s. <\/strong>Pokud nem\u00e1te to \u0161t\u011bst\u00ed a va\u0161i rodi\u010de \u010di prarodi\u010de u\u017e nejsou mezi n\u00e1mi, v\u00a0domovech \u017eije spousta senior\u016f, za kter\u00fdmi jejich potomci nechod\u00ed a kte\u0159\u00ed se s\u00a0v\u00e1mi o sv\u016fj \u010das a sv\u016fj \u017eivotn\u00ed p\u0159\u00edb\u011bh r\u00e1di pod\u011bl\u00ed. <\/p>\n\n\n\n<p>Jako d\u00edt\u011b ze soci\u00e1ln\u011b slab\u00e9 rodiny jsem nav\u0161t\u011bvoval p\u00e1na v d\u016fchodu, jeho\u017e kon\u00ed\u010dkem byly po\u010d\u00edta\u010de. V t\u00e9 dob\u011b jsme si o PC mohli nechat jen zd\u00e1t \u2013 on v t\u00e9 dob\u011b za\u010d\u00ednal s Commodore. Kdy\u017e jste cht\u011bli hr\u00e1t hru, museli jste ji spustit z diskety (nahr\u00e1v\u00e1n\u00ed trvalo i 20 minut) nebo si hru naprogramovat (to vzalo i n\u011bkolik hodin). St\u00fdkali jsme se a\u017e do jeho smrti \u2013 od m\u00fdch deseti do t\u0159iceti let. Posledn\u00edch p\u011bt let jsem mu sliboval, \u017ee ho vezmu ze severn\u00ed Moravy na v\u00fdlet do Mikulova, do vinn\u00e9ho skl\u00edpku, neb nikdy v \u017e\u00e1dn\u00e9m nebyl. A ano, tipujete spr\u00e1vn\u011b: nestihl jsem to. Tolik jsem mu vd\u011b\u010dil, tolik p\u0159\u00edle\u017eitost\u00ed jsem m\u011bl, a p\u0159esto jsem je promrhal. Proto dnes \u2013 kdy\u017e m\u00e1m mo\u017enost vz\u00edt tch\u00e1ny letecky k mo\u0159i, kdy\u017e nikdy nikam nelet\u011bli \u2013 hned se chop\u00edm p\u0159\u00edle\u017eitosti, dokud p\u0159edstavu nep\u0159em\u011bn\u00edm v realitu. Nechci u\u017e rozd\u00e1vat plan\u00e9 sliby.<\/p>\n\n\n\n<p>Tak\u00e9 jsem podepsal exkluzivn\u00ed smlouvu s Davidem \u0160\u00edrem, kter\u00fd jako jedin\u00fd sm\u00ed hr\u00e1t sc\u00e9nky Felixe Holzmanna. T\u011b\u0161it se tak m\u016f\u017eete na <a href=\"https:\/\/www.akademie-vzdelavani.cz\/felix\/\" target=\"_blank\" rel=\"noreferrer noopener\">autentickou show<\/a> v r\u00e1mci v\u00e1no\u010dn\u00edho ve\u010d\u00edrku, plesu m\u011bsta nebo celove\u010dern\u00edho divadeln\u00edho p\u0159edstaven\u00ed.<\/p>\n\n\n\n<p>Novinkou je tak\u00e9 po\u0159\u00edzen\u00ed laseru a <a rel=\"noreferrer noopener\" href=\"https:\/\/fotky-na-drevo-cz.webnode.cz\/\" target=\"_blank\">grav\u00edrov\u00e1n\u00ed fotografi\u00ed<\/a> do d\u0159eva :-) zat\u00edm jen pro p\u0159\u00e1tele a zn\u00e1m\u00e9, ale brzy jako komer\u010dn\u00ed projekt, o kter\u00fd se postar\u00e1 \u0160\u00e1rka, moje \u00fa\u017easn\u00e1 man\u017eelka. Tak\u017ee pokud m\u00e1te chu\u0165 n\u011bkoho p\u0159ekvapit fotkou ve d\u0159ev\u011b, <a href=\"mailto:radim@martynek.cz\">pi\u0161te<\/a>.<\/p>\n\n\n<div class=\"wp-block-image\">\n<figure class=\"aligncenter size-full\"><a href=\"https:\/\/radim.martynek.cz\/wp-content\/uploads\/gravirka.jpg\"><img loading=\"lazy\" decoding=\"async\" width=\"512\" height=\"512\" src=\"https:\/\/radim.martynek.cz\/wp-content\/uploads\/gravirka.jpg\" alt=\"\" class=\"wp-image-1891\" srcset=\"https:\/\/radim.martynek.cz\/wp-content\/uploads\/gravirka.jpg 512w, https:\/\/radim.martynek.cz\/wp-content\/uploads\/gravirka-300x300.jpg 300w, https:\/\/radim.martynek.cz\/wp-content\/uploads\/gravirka-150x150.jpg 150w, https:\/\/radim.martynek.cz\/wp-content\/uploads\/gravirka-100x100.jpg 100w\" sizes=\"auto, (max-width: 512px) 100vw, 512px\" \/><\/a><\/figure>\n<\/div>","protected":false},"excerpt":{"rendered":"<p>Poprv\u00e9 za 11 let, co p\u00ed\u0161u \u010dl\u00e1nky, m\u011b n\u011bkdo zprdnul, \u017ee u\u017e dva t\u00fddny nic ode m\u011b ne\u010detl :-) A tak jsem se zamyslel a uv\u011bdomil si, \u017ee m\u00e1m spousty novinek, ale nem\u00e1m \u010das je na sv\u016fj blog d\u00e1vat. Mimochodem, v\u0161echna vyd\u00e1n\u00ed Nev\u0161edn\u00edk\u016f (od roku 2012) jsou k dispozici na m\u00e9m star\u00e9m webu. Ten nov\u00fd&#8230;<\/p>\n","protected":false},"author":10,"featured_media":0,"comment_status":"open","ping_status":"","sticky":false,"template":"","format":"standard","meta":{"footnotes":""},"categories":[4],"tags":[],"class_list":["post-1869","post","type-post","status-publish","format-standard","hentry","category-ze-zivota"],"_links":{"self":[{"href":"https:\/\/radim.martynek.cz\/index.php?rest_route=\/wp\/v2\/posts\/1869","targetHints":{"allow":["GET"]}}],"collection":[{"href":"https:\/\/radim.martynek.cz\/index.php?rest_route=\/wp\/v2\/posts"}],"about":[{"href":"https:\/\/radim.martynek.cz\/index.php?rest_route=\/wp\/v2\/types\/post"}],"author":[{"embeddable":true,"href":"https:\/\/radim.martynek.cz\/index.php?rest_route=\/wp\/v2\/users\/10"}],"replies":[{"embeddable":true,"href":"https:\/\/radim.martynek.cz\/index.php?rest_route=%2Fwp%2Fv2%2Fcomments&post=1869"}],"version-history":[{"count":29,"href":"https:\/\/radim.martynek.cz\/index.php?rest_route=\/wp\/v2\/posts\/1869\/revisions"}],"predecessor-version":[{"id":1921,"href":"https:\/\/radim.martynek.cz\/index.php?rest_route=\/wp\/v2\/posts\/1869\/revisions\/1921"}],"wp:attachment":[{"href":"https:\/\/radim.martynek.cz\/index.php?rest_route=%2Fwp%2Fv2%2Fmedia&parent=1869"}],"wp:term":[{"taxonomy":"category","embeddable":true,"href":"https:\/\/radim.martynek.cz\/index.php?rest_route=%2Fwp%2Fv2%2Fcategories&post=1869"},{"taxonomy":"post_tag","embeddable":true,"href":"https:\/\/radim.martynek.cz\/index.php?rest_route=%2Fwp%2Fv2%2Ftags&post=1869"}],"curies":[{"name":"wp","href":"https:\/\/api.w.org\/{rel}","templated":true}]}}