{"id":188,"date":"2016-05-29T10:38:07","date_gmt":"2016-05-29T09:38:07","guid":{"rendered":"http:\/\/radim.martynek.cz\/?p=188"},"modified":"2016-05-29T10:38:07","modified_gmt":"2016-05-29T09:38:07","slug":"oslovovani-v-e-mailech","status":"publish","type":"post","link":"https:\/\/radim.martynek.cz\/?p=188","title":{"rendered":"Oslovov\u00e1n\u00ed v e-mailech"},"content":{"rendered":"<p>O oslovov\u00e1n\u00ed by se daly popsat stohy pap\u00edr\u016f a je\u0161t\u011b by toho bylo m\u00e1lo. Dotazy \u010dten\u00e1\u0159\u016f se neust\u00e1le vracej\u00ed k\u00a0tomu, jak spr\u00e1vn\u011b oslovovat v\u00a0neform\u00e1ln\u00edch e-mailech. Zde plat\u00ed, \u017ee \u010d\u00edm m\u00e9n\u011b form\u00e1ln\u00ed je n\u00e1\u0161 vztah k\u00a0p\u0159\u00edjemci, t\u00edm m\u00e9n\u011b form\u00e1ln\u00ed osloven\u00ed m\u016f\u017eeme pou\u017e\u00edt. V\u00a0pr\u016fb\u011bhu dn\u016f \u010di t\u00fddn\u016f m\u016f\u017eeme p\u0159ej\u00edt od <em>\u201eV\u00e1\u017een\u00fd pane starosto\u201c<\/em> k <em>\u201eV\u00e1\u017een\u00fd pane Nov\u00e1ku\u201c<\/em> a nakonec i k <em>\u201eMil\u00fd Honzo\u201c.<\/em><\/p>\n<p>Zanechte ostych a nebojte se nahradit p\u0159\u00edvlastek \u201ev\u00e1\u017een\u00fd\u201c za takov\u00fd, kter\u00fd l\u00e9pe vystihuje samotn\u00e9ho p\u0159\u00edjemce. Pro\u010d bychom nemohli oslovit p\u0159\u00edjemce:<\/p>\n<ul>\n<li><em>Vst\u0159\u00edcn\u00fd pane V\u00edtku,<\/em><\/li>\n<\/ul>\n<p>trv\u00e1me-li na tom, \u017ee pan V\u00edtek vskutku vst\u0159\u00edcn\u00fd je. Obdobn\u011b m\u016f\u017eeme pou\u017e\u00edt:<\/p>\n<ul>\n<li><em>Mil\u00e1 pan\u00ed tajemnice,<\/em><\/li>\n<li><em>Charismatick\u00fd pane in\u017een\u00fdre,<\/em><\/li>\n<\/ul>\n<p><em>\u201eV\u0161ev\u011bdouc\u00ed pane in\u017een\u00fdre,\u201c<\/em> m\u016f\u017ee p\u016fsobit ji\u017e lehce ironicky, proto odes\u00edlatel mus\u00ed pe\u010dliv\u011b zv\u00e1\u017eit m\u00edru neform\u00e1lnosti sv\u00e9ho vztahu v\u016f\u010di p\u0159\u00edjemci.<\/p>\n<p>\u010castou ot\u00e1zkou b\u00fdv\u00e1, zda m\u016f\u017eeme pou\u017e\u00edt i negativn\u00ed p\u0159\u00edvlastky:<\/p>\n<ul>\n<li><em>Hloup\u00fd pane in\u017een\u00fdre,<\/em><\/li>\n<li><em>Pomal\u00e1 pan\u00ed vedouc\u00ed,<\/em><\/li>\n<\/ul>\n<p>Mus\u00edm na to odpov\u00eddat? Jak kdosi kdysi prohl\u00e1sil, nen\u00ed nic kr\u00e1sn\u011bj\u0161\u00edho pro nikoho z\u00a0n\u00e1s ne\u017e zvuk vlastn\u00edho jm\u00e9na. Oslovujme lidi a p\u0159idejme k\u00a0nim takov\u00e9 pozitivn\u00ed p\u0159\u00eddavn\u00e9 jm\u00e9no, kter\u00e9 je nejl\u00e9pe vystihuje.<\/p>\n<p><em>Trp\u011bliv\u00ed \u010dten\u00e1\u0159i,<\/em> jsem nad\u0161en, \u017ee jste do\u010detli do tohoto m\u00edsta.<\/p>\n","protected":false},"excerpt":{"rendered":"<p>O oslovov\u00e1n\u00ed by se daly popsat stohy pap\u00edr\u016f a je\u0161t\u011b by toho bylo m\u00e1lo. Dotazy \u010dten\u00e1\u0159\u016f se neust\u00e1le vracej\u00ed k\u00a0tomu, jak spr\u00e1vn\u011b oslovovat v\u00a0neform\u00e1ln\u00edch e-mailech. Zde plat\u00ed, \u017ee \u010d\u00edm m\u00e9n\u011b form\u00e1ln\u00ed je n\u00e1\u0161 vztah k\u00a0p\u0159\u00edjemci, t\u00edm m\u00e9n\u011b form\u00e1ln\u00ed osloven\u00ed m\u016f\u017eeme pou\u017e\u00edt. V\u00a0pr\u016fb\u011bhu dn\u016f \u010di t\u00fddn\u016f m\u016f\u017eeme p\u0159ej\u00edt od \u201eV\u00e1\u017een\u00fd pane starosto\u201c k \u201eV\u00e1\u017een\u00fd pane Nov\u00e1ku\u201c&#8230;<\/p>\n","protected":false},"author":10,"featured_media":0,"comment_status":"open","ping_status":"open","sticky":false,"template":"","format":"standard","meta":{"footnotes":""},"categories":[5],"tags":[],"class_list":["post-188","post","type-post","status-publish","format-standard","hentry","category-z-prace"],"_links":{"self":[{"href":"https:\/\/radim.martynek.cz\/index.php?rest_route=\/wp\/v2\/posts\/188","targetHints":{"allow":["GET"]}}],"collection":[{"href":"https:\/\/radim.martynek.cz\/index.php?rest_route=\/wp\/v2\/posts"}],"about":[{"href":"https:\/\/radim.martynek.cz\/index.php?rest_route=\/wp\/v2\/types\/post"}],"author":[{"embeddable":true,"href":"https:\/\/radim.martynek.cz\/index.php?rest_route=\/wp\/v2\/users\/10"}],"replies":[{"embeddable":true,"href":"https:\/\/radim.martynek.cz\/index.php?rest_route=%2Fwp%2Fv2%2Fcomments&post=188"}],"version-history":[{"count":1,"href":"https:\/\/radim.martynek.cz\/index.php?rest_route=\/wp\/v2\/posts\/188\/revisions"}],"predecessor-version":[{"id":189,"href":"https:\/\/radim.martynek.cz\/index.php?rest_route=\/wp\/v2\/posts\/188\/revisions\/189"}],"wp:attachment":[{"href":"https:\/\/radim.martynek.cz\/index.php?rest_route=%2Fwp%2Fv2%2Fmedia&parent=188"}],"wp:term":[{"taxonomy":"category","embeddable":true,"href":"https:\/\/radim.martynek.cz\/index.php?rest_route=%2Fwp%2Fv2%2Fcategories&post=188"},{"taxonomy":"post_tag","embeddable":true,"href":"https:\/\/radim.martynek.cz\/index.php?rest_route=%2Fwp%2Fv2%2Ftags&post=188"}],"curies":[{"name":"wp","href":"https:\/\/api.w.org\/{rel}","templated":true}]}}