{"id":2042,"date":"2023-12-11T12:23:11","date_gmt":"2023-12-11T11:23:11","guid":{"rendered":"https:\/\/radim.martynek.cz\/?p=2042"},"modified":"2023-12-12T12:19:30","modified_gmt":"2023-12-12T11:19:30","slug":"predvanocni-londyn","status":"publish","type":"post","link":"https:\/\/radim.martynek.cz\/?p=2042","title":{"rendered":"P\u0159edv\u00e1no\u010dn\u00ed Lond\u00fdn"},"content":{"rendered":"\n<p>Pamatujete si na \u010dl\u00e1nek <a rel=\"noreferrer noopener\" href=\"https:\/\/radim.martynek.cz\/?p=1610\" target=\"_blank\">Jak jsme \u201eomylem\u201c frnkli do Lond\u00fdna<\/a>, ve kter\u00e9m jsem vypr\u00e1v\u011bl, jak jsme d\u011btem p\u0159ipravili p\u0159ekvapen\u00ed v\u00a0podob\u011b utajovan\u00e9ho v\u00fdletu do hlavn\u00edho m\u011bsta Velk\u00e9 Brit\u00e1nie? \u00a0P\u0159i cen\u00e1ch letenek, kdy v\u00edkend v\u00a0Lond\u00fdn\u011b vyjde levn\u011bji ne\u017e v\u00edkend v\u00a0Praze \ud83d\ude0a jsem se nechal znovu zl\u00e1kat a rozhodl se prchnout tentokr\u00e1t jen s\u00a0man\u017eelkou, kter\u00e1 do posledn\u00ed chv\u00edle netu\u0161ila, kde druh\u00fd adventn\u00ed v\u00edkend str\u00e1v\u00edme. Mimochodem: \u0161lo o \u00faprk do tepl\u00fdch kraj\u016f, proto\u017ee v Lond\u00fdn\u011b bylo kolem 13 \u00b0C, kde\u017eto v \u010cR se teploty pohybovaly kolem nuly.<\/p>\n\n\n\n<figure class=\"wp-block-image size-full\"><a href=\"https:\/\/radim.martynek.cz\/wp-content\/uploads\/image-15.png\"><img loading=\"lazy\" decoding=\"async\" width=\"945\" height=\"571\" src=\"https:\/\/radim.martynek.cz\/wp-content\/uploads\/image-15.png\" alt=\"\" class=\"wp-image-2043\" srcset=\"https:\/\/radim.martynek.cz\/wp-content\/uploads\/image-15.png 945w, https:\/\/radim.martynek.cz\/wp-content\/uploads\/image-15-300x181.png 300w, https:\/\/radim.martynek.cz\/wp-content\/uploads\/image-15-768x464.png 768w\" sizes=\"auto, (max-width: 945px) 100vw, 945px\" \/><\/a><\/figure>\n\n\n\n<p class=\"has-text-align-center\">Pro inspiraci \u2013 vlevo ceny prosincov\u00fdch let\u016f tam, napravo zp\u011bt<\/p>\n\n\n\n<p>Pokud tou\u017e\u00edte zhl\u00e9dnout (a z&nbsp;letadla i shl\u00e9dnout) v\u00e1no\u010dn\u00ed Lond\u00fdn, ur\u010dit\u011b V\u00e1m doporu\u010d\u00edm proj\u00edt si v\u00e1no\u010dn\u00ed trhy. My let\u011bli z&nbsp;Prahy na Gatwick, ubytovali se kousek od leti\u0161t\u011b v&nbsp;<a href=\"https:\/\/www.premierinn.com\/gb\/en\/hotels\/england\/west-sussex\/crawley\/london-gatwick-airport-a23-airport-way.html\" target=\"_blank\" rel=\"noreferrer noopener\">Premier Inn<\/a> a MHD cestovali ka\u017ed\u00fd den do centra a zp\u011bt. Pokud ale chcete str\u00e1vit v&nbsp;Lond\u00fdn\u011b v\u00edce dn\u016f, ur\u010dit\u011b se ubytujte v&nbsp;centru, proto\u017ee cesta z&nbsp;leti\u0161t\u011b do m\u011bsta stoj\u00ed 600 K\u010d za osobu (jedn\u00edm sm\u011brem).<\/p>\n\n\n\n<p>P\u00e1tek<\/p>\n\n\n\n<ul class=\"wp-block-list\">\n<li>09:00&nbsp;&nbsp; odlet z&nbsp;Prahy<\/li>\n\n\n\n<li>10:00&nbsp;&nbsp; p\u0159\u00edlet na London Gatwick (\u010dasov\u00fd posun: \u20131 h)<\/li>\n\n\n\n<li>11:00&nbsp;&nbsp; ubytov\u00e1n\u00ed a ob\u011bd<\/li>\n\n\n\n<li>13:00&nbsp;&nbsp; odjezd do centra \u2013 proch\u00e1zky \u2013 Harrods (Harrods je jeden z nejluxusn\u011bj\u0161\u00edch a nejproslulej\u0161\u00edch obchodn\u00edch dom\u016f na sv\u011bt\u011b. Nach\u00e1z\u00ed se t\u011bsn\u011b pod Hyde Parkem v centru Lond\u00fdna. Budova je postavena na plo\u0161e o velikosti 4,5 akru, skr\u00fdv\u00e1 v sob\u011b 330 obchod\u016f a v\u00edce ne\u017e jeden milion \u010dtvere\u010dn\u00edch stop n\u00e1kupn\u00edch ploch. O z\u00e1kazn\u00edky se zde star\u00e1 p\u0159es 5000 zam\u011bstnanc\u016f. Wikipedie)<\/li>\n\n\n\n<li>19:00&nbsp;&nbsp; n\u00e1vrat na hotel<\/li>\n<\/ul>\n\n\n\n<p>Sobota<\/p>\n\n\n\n<ul class=\"wp-block-list\">\n<li>V\u00e1no\u010dn\u00ed trhy: Borough Market \u2013 Southbank Centre Winter Market \u2013 Trafalgar Square \u2013 Covent Garden Christmas Tree \u2013 Leicester Square \u2013 Hyde Park Winter Wonderland Ice Rink \u2013 King\u00b4s Cross<\/li>\n\n\n\n<li>British Museum \u2013 vstupn\u00e9: 0 \u00a3<\/li>\n<\/ul>\n\n\n\n<figure class=\"wp-block-image size-large\"><a href=\"https:\/\/radim.martynek.cz\/wp-content\/uploads\/image-16.png\"><img loading=\"lazy\" decoding=\"async\" width=\"1024\" height=\"666\" src=\"https:\/\/radim.martynek.cz\/wp-content\/uploads\/image-16-1024x666.png\" alt=\"\" class=\"wp-image-2044\" srcset=\"https:\/\/radim.martynek.cz\/wp-content\/uploads\/image-16-1024x666.png 1024w, https:\/\/radim.martynek.cz\/wp-content\/uploads\/image-16-300x195.png 300w, https:\/\/radim.martynek.cz\/wp-content\/uploads\/image-16-768x500.png 768w, https:\/\/radim.martynek.cz\/wp-content\/uploads\/image-16.png 1097w\" sizes=\"auto, (max-width: 1024px) 100vw, 1024px\" \/><\/a><\/figure>\n\n\n\n<p>Ned\u011ble<\/p>\n\n\n\n<ul class=\"wp-block-list\">\n<li>09:00&nbsp;&nbsp; p\u0159\u00edlet<\/li>\n\n\n\n<li>10:00&nbsp;&nbsp; brunch s&nbsp;Davidem \u0160\u00edrem \u2013 jedin\u00fdm a jedine\u010dn\u00fdm p\u0159edstavitelem her Felixe Holzmana v EU i mimo EU&nbsp;\ud83d\ude0a<\/li>\n<\/ul>\n\n\n\n<p>Leden b\u00fdv\u00e1 v&nbsp;letectv\u00ed druh\u00fd nejlevn\u011bj\u0161\u00ed m\u011bs\u00edc, proto \u2013 a\u010dkoli u\u017e nenav\u0161t\u00edv\u00edte v\u00e1no\u010dn\u00ed trhy \u2013 nev\u00e1hejte odlet\u011bt za z\u00e1bavou a pozn\u00e1n\u00edm a nav\u0161tivte t\u0159eba <a href=\"https:\/\/www.kew.org\/kew-gardens\/whats-on\/christmas\" target=\"_blank\" rel=\"noreferrer noopener\">Christmas at Kew<\/a>, kde je otev\u0159eno a\u017e do 07.01.2024 (nutn\u00e1 rezervace) Inspirac\u00ed V\u00e1m m\u016f\u017ee b\u00fdt i n\u00e1\u0161 jarn\u00ed <a href=\"https:\/\/radim.martynek.cz\/?p=1610\" target=\"_blank\" rel=\"noreferrer noopener\">cestopis z&nbsp;Lond\u00fdna<\/a>.<\/p>\n\n\n\n<figure class=\"wp-block-image size-large\"><a href=\"https:\/\/radim.martynek.cz\/wp-content\/uploads\/image-17.png\"><img loading=\"lazy\" decoding=\"async\" width=\"1024\" height=\"736\" src=\"https:\/\/radim.martynek.cz\/wp-content\/uploads\/image-17-1024x736.png\" alt=\"\" class=\"wp-image-2045\" srcset=\"https:\/\/radim.martynek.cz\/wp-content\/uploads\/image-17-1024x736.png 1024w, https:\/\/radim.martynek.cz\/wp-content\/uploads\/image-17-300x216.png 300w, https:\/\/radim.martynek.cz\/wp-content\/uploads\/image-17-768x552.png 768w, https:\/\/radim.martynek.cz\/wp-content\/uploads\/image-17.png 1122w\" sizes=\"auto, (max-width: 1024px) 100vw, 1024px\" \/><\/a><\/figure>\n\n\n\n<p class=\"has-text-align-center\">Pro inspiraci \u2013 vlevo ceny lednov\u00fdch let\u016f tam, napravo zp\u011bt<\/p>\n","protected":false},"excerpt":{"rendered":"<p>Pamatujete si na \u010dl\u00e1nek Jak jsme \u201eomylem\u201c frnkli do Lond\u00fdna, ve kter\u00e9m jsem vypr\u00e1v\u011bl, jak jsme d\u011btem p\u0159ipravili p\u0159ekvapen\u00ed v\u00a0podob\u011b utajovan\u00e9ho v\u00fdletu do hlavn\u00edho m\u011bsta Velk\u00e9 Brit\u00e1nie? \u00a0P\u0159i cen\u00e1ch letenek, kdy v\u00edkend v\u00a0Lond\u00fdn\u011b vyjde levn\u011bji ne\u017e v\u00edkend v\u00a0Praze \ud83d\ude0a jsem se nechal znovu zl\u00e1kat a rozhodl se prchnout tentokr\u00e1t jen s\u00a0man\u017eelkou, kter\u00e1 do posledn\u00ed chv\u00edle&#8230;<\/p>\n","protected":false},"author":10,"featured_media":0,"comment_status":"open","ping_status":"","sticky":false,"template":"","format":"standard","meta":{"footnotes":""},"categories":[1],"tags":[],"class_list":["post-2042","post","type-post","status-publish","format-standard","hentry","category-inspirace"],"_links":{"self":[{"href":"https:\/\/radim.martynek.cz\/index.php?rest_route=\/wp\/v2\/posts\/2042","targetHints":{"allow":["GET"]}}],"collection":[{"href":"https:\/\/radim.martynek.cz\/index.php?rest_route=\/wp\/v2\/posts"}],"about":[{"href":"https:\/\/radim.martynek.cz\/index.php?rest_route=\/wp\/v2\/types\/post"}],"author":[{"embeddable":true,"href":"https:\/\/radim.martynek.cz\/index.php?rest_route=\/wp\/v2\/users\/10"}],"replies":[{"embeddable":true,"href":"https:\/\/radim.martynek.cz\/index.php?rest_route=%2Fwp%2Fv2%2Fcomments&post=2042"}],"version-history":[{"count":3,"href":"https:\/\/radim.martynek.cz\/index.php?rest_route=\/wp\/v2\/posts\/2042\/revisions"}],"predecessor-version":[{"id":2049,"href":"https:\/\/radim.martynek.cz\/index.php?rest_route=\/wp\/v2\/posts\/2042\/revisions\/2049"}],"wp:attachment":[{"href":"https:\/\/radim.martynek.cz\/index.php?rest_route=%2Fwp%2Fv2%2Fmedia&parent=2042"}],"wp:term":[{"taxonomy":"category","embeddable":true,"href":"https:\/\/radim.martynek.cz\/index.php?rest_route=%2Fwp%2Fv2%2Fcategories&post=2042"},{"taxonomy":"post_tag","embeddable":true,"href":"https:\/\/radim.martynek.cz\/index.php?rest_route=%2Fwp%2Fv2%2Ftags&post=2042"}],"curies":[{"name":"wp","href":"https:\/\/api.w.org\/{rel}","templated":true}]}}