{"id":2072,"date":"2024-02-05T09:28:38","date_gmt":"2024-02-05T08:28:38","guid":{"rendered":"https:\/\/radim.martynek.cz\/?p=2072"},"modified":"2024-02-14T10:01:16","modified_gmt":"2024-02-14T09:01:16","slug":"jak-stat-nechce-dat-penize-na-seniory-zamysleni","status":"publish","type":"post","link":"https:\/\/radim.martynek.cz\/?p=2072","title":{"rendered":"Jak st\u00e1t nechce d\u00e1t pen\u00edze na seniory (zamy\u0161len\u00ed)"},"content":{"rendered":"\n<p>Dva roky jsem \u017eil v&nbsp;domov\u011b pro seniory. Ne, to nen\u00ed vtip. A dva roky jsem trp\u011bl t\u00edm, jak senio\u0159i \u2013 nositel\u00e9 \u017eivotn\u00ed moudrosti \u2013 v&nbsp;domovech trp\u00ed. Ale popo\u0159ad\u011b\u2026<\/p>\n\n\n\n<p>Spousta lid\u00ed, kdy\u017e vstupuje do politiky, m\u00e1 ty nejlep\u0161\u00ed ambice n\u011bco dok\u00e1zat, n\u011bco zm\u011bnit, n\u011bco vylep\u0161it. \u010casem ale rezignuj\u00ed na sv\u00e9 vize a z\u016fst\u00e1vaj\u00ed jen kv\u016fli pen\u011bz\u016fm. Ned\u00e1vno vznikl bonmot: <em>V\u0161ichni jdou do politiky, aby si vyd\u011blali \u2013 jen Feri kv\u016fli tomu, aby si zaprcal.<\/em><\/p>\n\n\n\n<p>L\u00e9ta jedn\u00e1m s&nbsp;politiky, c\u00edrkvemi, investory, miliard\u00e1\u0159i, \u2026, o projektu samofinancovateln\u00e9 soci\u00e1ln\u00ed slu\u017eby, kter\u00e1 by zd\u016fstojnila st\u00e1\u0159\u00ed a prodlou\u017eila \u017eivot senior\u016f. Projekt samoz\u0159ejm\u011b vy\u017eaduje jednor\u00e1zovou investici, kter\u00e1 se v\u0161ak do n\u011bkolika m\u00e1lo let vr\u00e1t\u00ed a samotn\u00fd provoz ji\u017e nebude st\u00e1t ani korunu, resp. pokryj\u00ed ho p\u0159\u00edjmy.<\/p>\n\n\n\n<p>St\u00e1t m\u00e1 pen\u00edze na <a href=\"mailto:https:\/\/www.idnes.cz\/praha\/zpravy\/masarykovo-nadrazi-rekonstrukce-sprava-zeleznic-zvyseni-kapacity-nadrazi.A231220_141934_praha-zpravy_vich\" target=\"_blank\" rel=\"noreferrer noopener\">rekonstrukci n\u00e1dra\u017e\u00ed<\/a>, kter\u00e9 jsou \u2013 podle mnoh\u00fdch \u2013 jen vyhozen\u00fdmi pen\u011bzi, m\u011bsto d\u00e1 pen\u00edze na <a href=\"mailto:https:\/\/brnensky.denik.cz\/zpravy_region\/nova-hala-arena-brno-multifunkcni-zacatek-stavby-cena-termin-dokonceni-naklady.html\" target=\"_blank\" rel=\"noreferrer noopener\">multifunk\u010dn\u00ed halu<\/a>, kter\u00e1 je podle mnoh\u00fdch zbyte\u010dn\u00e1, neb hal je ve m\u011bst\u011b mnoho. Ale nikdo ned\u00e1 pen\u00edze na to, aby pomohl senior\u016fm.<\/p>\n\n\n\n<p>Po tom, co jsem str\u00e1vil ji\u017e zm\u00edn\u011bn\u00e9 2 roky \u017eivota v\u00a0domov\u011b pro seniory, jezdil po dal\u0161\u00edch domovech pro seniory nap\u0159\u00ed\u010d \u010cR a v\u0161\u00edmal si \u00farovn\u011b poskytovan\u00fdch slu\u017eeb a \u017er\u00e1dla, kter\u00fdm by i bezdomovec opovrhl (a to rozhodn\u011b nen\u00ed nads\u00e1zka), jsem oslovil poslance a starostu, kter\u00e9ho zn\u00e1m l\u00e9ta a kter\u00e9mu jsem projekt p\u0159ed rokem p\u0159edstavil. V\u00a0t\u00e9 dob\u011b byl z\u00a0projektu nad\u0161en (m\u011bl ambice n\u011bco dok\u00e1zat). Dnes se u\u017e ani neobt\u011b\u017eoval s\u00a0odpov\u011bd\u00ed. Pod e-mailem zaslan\u00fdm starostovi najdete seznam lid\u00ed, se kter\u00fdmi jsem o tomto v\u00fdjime\u010dn\u00e9m projektu jednal.<\/p>\n\n\n<div class=\"wp-block-image\">\n<figure class=\"aligncenter size-medium\"><a href=\"https:\/\/radim.martynek.cz\/wp-content\/uploads\/zradlo.jpeg\"><img loading=\"lazy\" decoding=\"async\" width=\"225\" height=\"300\" src=\"https:\/\/radim.martynek.cz\/wp-content\/uploads\/zradlo-225x300.jpeg\" alt=\"\" class=\"wp-image-2077\" srcset=\"https:\/\/radim.martynek.cz\/wp-content\/uploads\/zradlo-225x300.jpeg 225w, https:\/\/radim.martynek.cz\/wp-content\/uploads\/zradlo-768x1024.jpeg 768w, https:\/\/radim.martynek.cz\/wp-content\/uploads\/zradlo-1152x1536.jpeg 1152w, https:\/\/radim.martynek.cz\/wp-content\/uploads\/zradlo.jpeg 1536w\" sizes=\"auto, (max-width: 225px) 100vw, 225px\" \/><\/a><\/figure>\n<\/div>\n\n\n<p>Na obr\u00e1zku uk\u00e1zka sn\u00eddan\u011b, kterou v DpS serv\u00edruj\u00ed: dva kraj\u00edce chleba a m\u00e1sla jen tolik, \u017ee nama\u017eete jen jeden.<\/p>\n\n\n\n<figure class=\"wp-block-gallery has-nested-images columns-default is-cropped wp-block-gallery-1 is-layout-flex wp-block-gallery-is-layout-flex\">\n<figure class=\"wp-block-image size-medium\"><a href=\"https:\/\/radim.martynek.cz\/wp-content\/uploads\/IMG_0290-scaled.jpg\"><img loading=\"lazy\" decoding=\"async\" width=\"300\" height=\"225\" data-id=\"2088\" src=\"https:\/\/radim.martynek.cz\/wp-content\/uploads\/IMG_0290-300x225.jpg\" alt=\"\" class=\"wp-image-2088\" srcset=\"https:\/\/radim.martynek.cz\/wp-content\/uploads\/IMG_0290-300x225.jpg 300w, https:\/\/radim.martynek.cz\/wp-content\/uploads\/IMG_0290-1024x768.jpg 1024w, https:\/\/radim.martynek.cz\/wp-content\/uploads\/IMG_0290-768x576.jpg 768w, https:\/\/radim.martynek.cz\/wp-content\/uploads\/IMG_0290-1536x1152.jpg 1536w, https:\/\/radim.martynek.cz\/wp-content\/uploads\/IMG_0290-2048x1536.jpg 2048w\" sizes=\"auto, (max-width: 300px) 100vw, 300px\" \/><\/a><\/figure>\n\n\n\n<figure class=\"wp-block-image size-large\"><a href=\"https:\/\/radim.martynek.cz\/wp-content\/uploads\/IMG_8204a.jpeg\"><img loading=\"lazy\" decoding=\"async\" width=\"1024\" height=\"769\" data-id=\"2094\" src=\"https:\/\/radim.martynek.cz\/wp-content\/uploads\/IMG_8204a-1024x769.jpeg\" alt=\"\" class=\"wp-image-2094\" srcset=\"https:\/\/radim.martynek.cz\/wp-content\/uploads\/IMG_8204a-1024x769.jpeg 1024w, https:\/\/radim.martynek.cz\/wp-content\/uploads\/IMG_8204a-300x225.jpeg 300w, https:\/\/radim.martynek.cz\/wp-content\/uploads\/IMG_8204a-768x577.jpeg 768w, https:\/\/radim.martynek.cz\/wp-content\/uploads\/IMG_8204a.jpeg 1311w\" sizes=\"auto, (max-width: 1024px) 100vw, 1024px\" \/><\/a><\/figure>\n<\/figure>\n\n\n\n<p class=\"has-text-align-center\"><strong>Z E-MAILU STAROSTOVI\/POSLANCI<\/strong><\/p>\n\n\n\n<p><em>V\u00e1\u017een\u00fd pane starosto, b\u00e1je\u010dn\u00fd Roberte,<\/em><\/p>\n\n\n\n<p><em>dva roky jsem \u017eil v&nbsp;domov\u011b pro seniory, abych poznal druhou stranu mince. T\u00e9 mince, kterou se sna\u017e\u00edm zhmotnit ve sv\u00e9m samofinancovateln\u00e9m projektu d\u00f3mu ak\u010dn\u00edho st\u00e1\u0159\u00ed, jeho\u017e c\u00edlem je prodlou\u017eit \u017eivot senior\u016f a zkvalitnit posledn\u00ed \u010d\u00e1st jejich \u017eivota. V&nbsp;projektu, kter\u00fd jsem V\u00e1m prezentoval.<\/em><\/p>\n\n\n\n<p><em>P\u0159ilo\u017een\u00e1 fotografie zn\u00e1zor\u0148uje sn\u00eddani, na kterou senior dostal dva kraj\u00edce chleba a k&nbsp;tomu jen tolik m\u00e1sla, aby mohl namazat jen jeden z&nbsp;nich. A zdaleka nejde o jedinou fotku, kterou jsem za dva roky po\u0159\u00eddil. Situace v&nbsp;soci\u00e1ln\u00edch slu\u017eb\u00e1ch je tristn\u00ed. Kauza <\/em><a href=\"https:\/\/moravskoslezsky.denik.cz\/zlociny-a-soudy\/soud-kauza-domov-slunecnice-ostrava202306.html\" target=\"_blank\" rel=\"noreferrer noopener\"><em>ostravsk\u00e9 Slune\u010dnice<\/em><\/a><em> nebo <\/em><a href=\"https:\/\/www.seznamzpravy.cz\/clanek\/domaci-zivot-v-cesku-dluhy-a-stiznosti-na-peci-kritizovany-dum-pro-seniory-hvezda-prisel-o-licenci-239380\" target=\"_blank\" rel=\"noreferrer noopener\"><em>zl\u00ednsk\u00e9 Hv\u011bzdy<\/em><\/a><em> jsou jen \u0161pi\u010dkou ledovce. Vulg\u00e1rn\u00ed nad\u00e1vky senior\u016fm, ignorov\u00e1n\u00ed a nez\u00e1jem, kdy\u017e upadnou na zem, sprchov\u00e1n\u00ed studenou sprchou t\u011bch, kte\u0159\u00ed jsou posti\u017eeni demenc\u00ed a netu\u0161\u00ed, co zl\u00e9ho person\u00e1lu ud\u011blali, \u2026, to v\u0161e jsem za\u017eil. Kdy\u017e jsem to ohl\u00e1sil, tak to person\u00e1l p\u0159i konfrontaci pop\u0159el, kdy\u017e jsem to dolo\u017eil nahr\u00e1vkou, veden\u00ed nikoho nevyhodilo, proto\u017ee lid\u00ed nen\u00ed v&nbsp;soci\u00e1ln\u00edch slu\u017eb\u00e1ch nazbyt. A kontrola MPSV\u2026 to jsou prachsprost\u00ed byrokrati, kte\u0159\u00ed \u0159e\u0161\u00ed velikost p\u00edsma na cedulk\u00e1ch u pokoj\u016f, ale ne\u0159e\u0161\u00ed kvalitu poskytovan\u00e9 p\u00e9\u010de \u010di stravy. V&nbsp;domov\u011b jsem tu kontrolu za\u017eil dvakr\u00e1t a nesta\u010dil jsem se divit, za co jsou placen\u00ed\u2026<\/em><\/p>\n\n\n\n<p><em>Jak v\u00edte\u2026 pan Jure\u010dka m\u011b opakovan\u011b odm\u00edtl p\u0159ijmout, jeho n\u00e1m\u011bstkyn\u011b plivla projektu do tv\u00e1\u0159e (taky u\u017e nen\u00ed n\u00e1m\u011bstkyn\u00ed), b\u00fdval\u00e9 n\u00e1m\u011bstkyni se projekt l\u00edbil (bohu\u017eel u\u017e nen\u00ed n\u00e1m\u011bstkyn\u00ed). A a\u010dkoli jsem jednal ve v\u011bci <\/em><a href=\"https:\/\/radim.martynek.cz\/?p=929\" target=\"_blank\" rel=\"noreferrer noopener\"><em>d\u00f3mu ak\u010dn\u00edho st\u00e1\u0159\u00ed<\/em><\/a><em> se spoustou lid\u00ed (viz p\u0159ehled n\u00ed\u017ee), m\u00e1lokoho to zaj\u00edm\u00e1. Miliard\u00e1\u0159i nepomohou, c\u00edrkev o\u010dek\u00e1v\u00e1 30% ro\u010dn\u00ed v\u00fdnos a st\u00e1tu jsou senio\u0159i ukraden\u00ed. Ten bude rad\u011bji kupovat st\u00edha\u010dky za <\/em><a href=\"https:\/\/www.novinky.cz\/clanek\/domaci-cesko-vstupuje-do-nove-ery-cernochova-podepsala-smlouvu-na-nakup-f-35-40458852\" target=\"_blank\" rel=\"noreferrer noopener\"><em>150 miliard<\/em><\/a><em>, a\u010dkoli je d\u00edky v\u00e1lce na Ukrajin\u011b z\u0159ejm\u00e9, \u017ee dnes vedou drony a informa\u010dn\u00ed v\u00e1lka. Vyd\u00e1valy se pen\u00edze na ukrajinskou <\/em><a href=\"https:\/\/radim.martynek.cz\/?p=1408\" target=\"_blank\" rel=\"noreferrer noopener\"><em>dota\u010dn\u00ed turistiku<\/em><\/a><em>, utr\u00e1c\u00ed se ve velk\u00e9m, a\u010dkoli na to jako st\u00e1t nem\u00e1me (v\u00fddaje jsou vy\u0161\u0161\u00ed ne\u017e p\u0159\u00edjmy). Taky si nekoup\u00edm nov\u00e9 auto, pokud budu m\u00edt dluh\u016f a\u017e na p\u016fdu. A tak se st\u00e1t rozhodne, \u017ee zv\u00fd\u0161\u00ed dan\u011b v&nbsp;nad\u011bji, \u017ee st\u00e1tn\u00ed dluh klesne. O co v\u00edce se ale vybere na dan\u00edch, o to v\u00edce se op\u011bt utrat\u00ed a st\u00e1tn\u00ed dluh bude po\u0159\u00e1d stejn\u00fd\u2026 A tak po\u0159\u00e1d dokola.<\/em><\/p>\n\n\n\n<p><em>St\u00e1t nem\u00e1 pen\u00edze na to, aby postavil jeden projekt, kter\u00fd se mu po 4 letech provozu vr\u00e1t\u00ed a kter\u00fdm vy\u0159e\u0161\u00ed <strong>deficit m\u00edst pro seniory, <\/strong>ale m\u00e1 miliardy na projekty, kter\u00e9 se nikdy nevr\u00e1t\u00ed.<\/em><\/p>\n\n\n\n<p><em>Neberte to jako kritiku\u2026 L\u00edb\u00ed se mi, co d\u011bl\u00e1te\u2026 jak povzn\u00e1\u0161\u00edte sv\u00e9 m\u011bsto\u2026 Toto zamy\u0161len\u00ed je jen d\u016fkazem toho, jak kr\u00e1tkozrac\u00ed jsme\u2026 Mysl\u00edme na to, co se stane v&nbsp;r\u00e1mci 4let\u00e9ho volebn\u00edho obdob\u00ed, ale nep\u0159em\u00fd\u0161l\u00edme v&nbsp;dlouhodob\u00e9m horizontu. A u\u017e v\u016fbec nep\u0159em\u00fd\u0161l\u00edme nad vlastn\u00ed budoucnost\u00ed\u2026 Dnes ka\u0161leme na seniory a neuv\u011bdomujeme si, \u017ee i my jednou budeme v&nbsp;seniorsk\u00e9m v\u011bku. A to nejlep\u0161\u00ed (v&nbsp;nejlep\u0161\u00edm slova smyslu), co se n\u00e1m m\u016f\u017ee st\u00e1t, je, \u017ee se o n\u00e1s postaraj\u00ed na\u0161e d\u011bti. Ale i tato nad\u011bje je plan\u00e1, proto\u017ee na\u0161e d\u011bti budou chodit v&nbsp;t\u00e9 dob\u011b st\u00e1le je\u0161t\u011b do pr\u00e1ce, proto\u017ee pan Jure\u010dka \u2013 v&nbsp;r\u00e1mci hesla \u201eo n\u00e1s, bez n\u00e1s\u201c \u2013 st\u00e1le posouv\u00e1 v\u011bk odchodu do d\u016fchodu. A tak budeme skom\u00edrat sami doma mezi \u010dty\u0159mi st\u011bnami. A jakmile se u\u017e nezvl\u00e1dneme sami o sebe postarat, tak n\u00e1s na\u0161e d\u011bti \u0161oupnou do starobince. A to nejlep\u0161\u00ed (v&nbsp;nejhor\u0161\u00edm slova smyslu), co se n\u00e1m m\u016f\u017ee st\u00e1t, \u017ee budeme trp\u011bt takovou demenc\u00ed, \u017ee si neuv\u011bdom\u00edme, v&nbsp;jak tristn\u00edch podm\u00ednk\u00e1ch tam \u017eijeme a jak studen\u00e1 je voda, kterou n\u00e1s mstiv\u00fd person\u00e1l sprchuje.<\/em><\/p>\n\n\n\n<p><em>Cht\u011bl jsem zm\u011bnit sv\u011bt\u2026 cht\u011bl jsem uk\u00e1zat, \u017ee p\u00e9\u010de o na\u0161e rodi\u010de a prarodi\u010de je stejn\u011b d\u016fle\u017eit\u00e1 jako p\u00e9\u010de o vlastn\u00ed d\u011bti (a\u010dkoli pen\u00edze na \u0161kolstv\u00ed st\u00e1t taky nem\u00e1, proto u\u010ditel\u00e9 st\u00e1vkuj\u00ed). Ale t\u011bch klack\u016f, kter\u00e9 mi st\u00e1t h\u00e1z\u00ed pod nohy, je u\u017e p\u0159esp\u0159\u00edli\u0161.<\/em><\/p>\n\n\n\n<p><em>Uva\u017eujeme jako politici. Ti se rozhoduj\u00ed pro zvednut\u00ed ruky podle toho, zda jsou v&nbsp;koalici nebo v opozici. I dobr\u00fd n\u00e1pad se zamete pod koberec, proto\u017ee to byl n\u00e1pad t\u00e9 druh\u00e9 strany\u2026 Sl\u00fdch\u00e1v\u00e1m to dennodenn\u011b nap\u0159\u00ed\u010d \u010cR. Ale m\u011bli bychom myslet na to, \u017ee politiky jsme omezenou dobu, ale \u010dlov\u011bkem budeme cel\u00fd \u017eivot.<\/em><\/p>\n\n\n\n<p><strong><em>P\u0159eji si, abyste i Vy zatou\u017eil zm\u011bnit sv\u011bt. P\u0159eji si, abyste rozpohyboval kola toho, co je opravdu d\u016fle\u017eit\u00e9.<\/em><\/strong><\/p>\n\n\n\n<p><em>S&nbsp;p\u0159\u00e1n\u00edm v\u0161eho dobr\u00e9ho a lep\u0161\u00edho<\/em><\/p>\n\n\n\n<p><em>Radim Martynek<\/em><\/p>\n\n\n\n<p class=\"has-text-align-center\"><strong>S&nbsp;K\u00ddM BYLO O PROJEKTU JEDN\u00c1NO\u2026<\/strong><strong><\/strong><\/p>\n\n\n\n<p><strong>Kdo po jedn\u00e1n\u00ed odm\u00edtl pomoct: <\/strong>Katolick\u00e1 c\u00edrkev (Graubner, Duka, Holub \u2013 pen\u00edze maj\u00ed, ale na seniory nedaj\u00ed), Husitsk\u00e1 c\u00edrkev (projekt by r\u00e1di podpo\u0159ili, ale nemaj\u00ed pen\u00edze), Kellnerova PPF (pen\u00edze maj\u00ed, ale na seniory nedaj\u00ed), KKCG Karla Kom\u00e1rka (na seniory ne), Radim Passer (na seniory ne), CPI Property Group (na seniory ne), Diakonie \u010cCE, DRFG Davida Rus\u0148\u00e1ka (ze\u0165 ministryn\u011b Schillerov\u00e9, s n\u00ed\u017e bylo jedn\u00e1no tak\u00e9 prost\u0159ednictv\u00edm n\u00e1m\u011bstkyn\u011b \u2013 na seniory ne), Jan Grolich \u2013 hejtman Jihomoravsk\u00e9ho kraje (slovy sv\u00fdch radn\u00edch Leitnerov\u00e9\/Pir\u00e1ti a Crhy\/ODS), Andrej Babi\u0161 (premi\u00e9r), Petr Fiala (premi\u00e9r), &#8230;<\/p>\n\n\n\n<p><strong>Kdo alespo\u0148 odpov\u011bd\u011bl, \u017ee netu\u0161\u00ed, jak pomoct, nebo nem\u016f\u017ee pomoct: <\/strong>Ji\u0159\u00ed Rusnok (\u010cNB), brat\u0159i Walachov\u00e9 (Walmark), Ladislav Chod\u00e1k (miliard\u00e1\u0159), Juraj Surovi\u010d (PSG), &#8230;<\/p>\n\n\n\n<p><strong>Kdo se v\u016fbec neobt\u011b\u017eoval odpov\u011bd\u011bt: <\/strong>Kr\u00e1sa pomoci Ta\u0165\u00e1ny Gregorov\u00e9 Brzobohat\u00e9, v\u0161echny ostatn\u00ed c\u00edrkve, Vladim\u00edr Kov\u00e1\u0159 (Unicorn), Jarom\u00edr Soukup (medi\u00e1ln\u00ed magn\u00e1t), Malt\u00e9z\u0161t\u00ed ryt\u00ed\u0159i, Karel Jane\u010dek \u2013 Tom\u00e1\u0161 B\u0159ezina (kandid\u00e1ti na prezidenta), MiddleCap, Metrostav, Jaroslava Valov\u00e1 (SIKO), ministryn\u011b Mal\u00e1\u010dov\u00e1, &#8230;<\/p>\n\n\n\n<p class=\"has-text-align-center\"><strong>Z\u00c1V\u011aREM<\/strong><\/p>\n\n\n\n<p><strong>Necht\u011bjte zest\u00e1rnout\u2026 Pokud p\u0159eci jen zest\u00e1rnete, necht\u011bjte skon\u010dit v domov\u011b pro seniory! Pokud tam skon\u010d\u00edte, neo\u010dek\u00e1vejte, \u017ee budete \u0161\u0165astni! Pokud p\u0159eci jen budete, tak si vsa\u010fte sportku! B\u00fdt \u0161\u0165astn\u00fd v domov\u011b pro seniory a vyhr\u00e1t sportku vy\u017eaduje stejnou m\u00edru \u0161t\u011bst\u00ed!<\/strong><\/p>\n\n\n\n<p>P\u0159eji si posledn\u00ed roky \u017eivota \u017e\u00edt aktivn\u011b, venku, s&nbsp;lidmi \u2026 a ne p\u0159e\u017e\u00edvat mezi \u010dty\u0159mi zdmi starobince. P\u0159eji si, aby m\u011b nepostihla demence, Alzheimer nebo n\u011bjak\u00e1 jin\u00e1 nemoc, kv\u016fli kter\u00e9 bych musel ve starobinci \u017e\u00edt. A pokud se mi tohle nespln\u00ed, pak si p\u0159eji, aby se d\u0159\u00edv, ne\u017e se tam dostanu, n\u011bkomu poda\u0159ilo uskute\u010dnit to, o co jsem se sna\u017eil j\u00e1. <\/p>\n\n\n\n<hr class=\"wp-block-separator has-alpha-channel-opacity\"\/>\n\n\n\n<p class=\"has-text-align-center\">Uveden\u00e9 fotografie a p\u0159\u00edb\u011bhy nejsou z jedin\u00e9ho domova pro seniory, ale jsou sesb\u00edr\u00e1ny nap\u0159\u00ed\u010d \u010cR.<\/p>\n","protected":false},"excerpt":{"rendered":"<p>Dva roky jsem \u017eil v&nbsp;domov\u011b pro seniory. Ne, to nen\u00ed vtip. A dva roky jsem trp\u011bl t\u00edm, jak senio\u0159i \u2013 nositel\u00e9 \u017eivotn\u00ed moudrosti \u2013 v&nbsp;domovech trp\u00ed. Ale popo\u0159ad\u011b\u2026 Spousta lid\u00ed, kdy\u017e vstupuje do politiky, m\u00e1 ty nejlep\u0161\u00ed ambice n\u011bco dok\u00e1zat, n\u011bco zm\u011bnit, n\u011bco vylep\u0161it. \u010casem ale rezignuj\u00ed na sv\u00e9 vize a z\u016fst\u00e1vaj\u00ed jen kv\u016fli pen\u011bz\u016fm&#8230;.<\/p>\n","protected":false},"author":10,"featured_media":0,"comment_status":"open","ping_status":"","sticky":false,"template":"","format":"standard","meta":{"footnotes":""},"categories":[4],"tags":[],"class_list":["post-2072","post","type-post","status-publish","format-standard","hentry","category-ze-zivota"],"_links":{"self":[{"href":"https:\/\/radim.martynek.cz\/index.php?rest_route=\/wp\/v2\/posts\/2072","targetHints":{"allow":["GET"]}}],"collection":[{"href":"https:\/\/radim.martynek.cz\/index.php?rest_route=\/wp\/v2\/posts"}],"about":[{"href":"https:\/\/radim.martynek.cz\/index.php?rest_route=\/wp\/v2\/types\/post"}],"author":[{"embeddable":true,"href":"https:\/\/radim.martynek.cz\/index.php?rest_route=\/wp\/v2\/users\/10"}],"replies":[{"embeddable":true,"href":"https:\/\/radim.martynek.cz\/index.php?rest_route=%2Fwp%2Fv2%2Fcomments&post=2072"}],"version-history":[{"count":15,"href":"https:\/\/radim.martynek.cz\/index.php?rest_route=\/wp\/v2\/posts\/2072\/revisions"}],"predecessor-version":[{"id":2097,"href":"https:\/\/radim.martynek.cz\/index.php?rest_route=\/wp\/v2\/posts\/2072\/revisions\/2097"}],"wp:attachment":[{"href":"https:\/\/radim.martynek.cz\/index.php?rest_route=%2Fwp%2Fv2%2Fmedia&parent=2072"}],"wp:term":[{"taxonomy":"category","embeddable":true,"href":"https:\/\/radim.martynek.cz\/index.php?rest_route=%2Fwp%2Fv2%2Fcategories&post=2072"},{"taxonomy":"post_tag","embeddable":true,"href":"https:\/\/radim.martynek.cz\/index.php?rest_route=%2Fwp%2Fv2%2Ftags&post=2072"}],"curies":[{"name":"wp","href":"https:\/\/api.w.org\/{rel}","templated":true}]}}