{"id":2177,"date":"2024-04-08T08:41:11","date_gmt":"2024-04-08T07:41:11","guid":{"rendered":"https:\/\/radim.martynek.cz\/?p=2177"},"modified":"2024-04-08T12:39:20","modified_gmt":"2024-04-08T11:39:20","slug":"hra-pro-destive-odpoledne","status":"publish","type":"post","link":"https:\/\/radim.martynek.cz\/?p=2177","title":{"rendered":"Hra pro de\u0161tiv\u00e9 odpoledne"},"content":{"rendered":"\n<p>V\u00edte, co maj\u00ed spole\u010dn\u00e9ho slovn\u00ed spojen\u00ed: MILOVAT OKO \u2013 M\u00cdV\u00c1 TO KOLO \u2013 VOL\u00c1M TOKIO? V\u0161echna jsou anagramem slova LOKOMOTIVA.<\/p>\n\n\n\n<p><em>\u201eAnagram neboli p\u0159esmy\u010dka je slovo \u010di v\u00edce slov, kter\u00e1 vzniknou z p\u016fvodn\u00edho slova \u010di v\u00edce slov tak, \u017ee se pou\u017eij\u00ed v\u0161echna p\u00edsmena v p\u016fvodn\u00edm v\u00fdrazu obsa\u017een\u00e1 a zm\u011bn\u00ed se jejich po\u0159ad\u00ed. \u010casto se p\u0159itom nedb\u00e1 na diakritiku. P\u0159esmy\u010dky pat\u0159\u00ed mezi obl\u00edben\u00e9 hlavolamy.\u201c <\/em>Wikipedia<\/p>\n\n\n\n<p>Na <a href=\"https:\/\/anagrammer.org\/vystup\/\">https:\/\/anagrammer.org\/vystup\/<\/a> zadejte vlastn\u00ed slovo nebo v\u00edce slov (nap\u0159. jm\u00e9no a p\u0159\u00edjmen\u00ed) a zvolte, z&nbsp;kolika slov se m\u00e1 anagram skl\u00e1dat. Sta\u010d\u00ed kliknout na HLEDEJ a str\u00e1nka V\u00e1m p\u0159esmy\u010dky vygeneruje.<\/p>\n\n\n\n<p>A te\u010f u\u017e jen zb\u00fdv\u00e1 vytvo\u0159it d\u011btem nebo p\u0159\u00e1tel\u016fm n\u011bkolik p\u0159esmy\u010dek, aby nalezly v\u00fdchoz\u00ed slovo :-)<\/p>\n","protected":false},"excerpt":{"rendered":"<p>V\u00edte, co maj\u00ed spole\u010dn\u00e9ho slovn\u00ed spojen\u00ed: MILOVAT OKO \u2013 M\u00cdV\u00c1 TO KOLO \u2013 VOL\u00c1M TOKIO? V\u0161echna jsou anagramem slova LOKOMOTIVA. \u201eAnagram neboli p\u0159esmy\u010dka je slovo \u010di v\u00edce slov, kter\u00e1 vzniknou z p\u016fvodn\u00edho slova \u010di v\u00edce slov tak, \u017ee se pou\u017eij\u00ed v\u0161echna p\u00edsmena v p\u016fvodn\u00edm v\u00fdrazu obsa\u017een\u00e1 a zm\u011bn\u00ed se jejich po\u0159ad\u00ed. \u010casto se p\u0159itom nedb\u00e1&#8230;<\/p>\n","protected":false},"author":10,"featured_media":0,"comment_status":"open","ping_status":"","sticky":false,"template":"","format":"standard","meta":{"footnotes":""},"categories":[1],"tags":[],"class_list":["post-2177","post","type-post","status-publish","format-standard","hentry","category-inspirace"],"_links":{"self":[{"href":"https:\/\/radim.martynek.cz\/index.php?rest_route=\/wp\/v2\/posts\/2177","targetHints":{"allow":["GET"]}}],"collection":[{"href":"https:\/\/radim.martynek.cz\/index.php?rest_route=\/wp\/v2\/posts"}],"about":[{"href":"https:\/\/radim.martynek.cz\/index.php?rest_route=\/wp\/v2\/types\/post"}],"author":[{"embeddable":true,"href":"https:\/\/radim.martynek.cz\/index.php?rest_route=\/wp\/v2\/users\/10"}],"replies":[{"embeddable":true,"href":"https:\/\/radim.martynek.cz\/index.php?rest_route=%2Fwp%2Fv2%2Fcomments&post=2177"}],"version-history":[{"count":3,"href":"https:\/\/radim.martynek.cz\/index.php?rest_route=\/wp\/v2\/posts\/2177\/revisions"}],"predecessor-version":[{"id":2180,"href":"https:\/\/radim.martynek.cz\/index.php?rest_route=\/wp\/v2\/posts\/2177\/revisions\/2180"}],"wp:attachment":[{"href":"https:\/\/radim.martynek.cz\/index.php?rest_route=%2Fwp%2Fv2%2Fmedia&parent=2177"}],"wp:term":[{"taxonomy":"category","embeddable":true,"href":"https:\/\/radim.martynek.cz\/index.php?rest_route=%2Fwp%2Fv2%2Fcategories&post=2177"},{"taxonomy":"post_tag","embeddable":true,"href":"https:\/\/radim.martynek.cz\/index.php?rest_route=%2Fwp%2Fv2%2Ftags&post=2177"}],"curies":[{"name":"wp","href":"https:\/\/api.w.org\/{rel}","templated":true}]}}