{"id":2182,"date":"2024-04-10T20:05:41","date_gmt":"2024-04-10T19:05:41","guid":{"rendered":"https:\/\/radim.martynek.cz\/?p=2182"},"modified":"2024-05-12T12:52:44","modified_gmt":"2024-05-12T11:52:44","slug":"jeste-pouzivate-v-dokumentech-pismo-times","status":"publish","type":"post","link":"https:\/\/radim.martynek.cz\/?p=2182","title":{"rendered":"Je\u0161t\u011b pou\u017e\u00edv\u00e1te v\u00a0dokumentech p\u00edsmo Times?"},"content":{"rendered":"\n<p>Od roku 1997, kdy byl vynech\u00e1n v\u00a0dopisech p\u0159edtisk slova V\u011aC, se toho zm\u011bnilo docela dost. Datum jsme za\u010dali ps\u00e1t dvoum\u00edstn\u011b a bez mezer (01.05.2024), \u010das v\u00fdhradn\u011b s\u00a0dvojte\u010dkou (10:33) a samotn\u00e1 \u010cSN 01 6910 se v\u00a0\u00faprav\u011b dokument\u016f stala zdrojem sp\u00ed\u0161e sekund\u00e1rn\u00edm, kdy\u017e ustoupila \u010dty\u0159ic\u00edtce mnohem relevantn\u011bj\u0161\u00edch z\u00e1kon\u016f a judik\u00e1t\u016f. D\u00edky nim dnes u\u017e v\u00edme, \u017ee na z\u00e1pise v\u00a0obchodn\u00edm rejst\u0159\u00edk nez\u00e1le\u017e\u00ed, a jak se vypo\u0159\u00e1dat se <a href=\"https:\/\/radim.martynek.cz\/?p=1474\" target=\"_blank\" rel=\"noreferrer noopener\">72 druhy pohlav\u00ed<\/a>, kdy\u017e V\u00e1m p\u0159ijde na v\u00fdb\u011brov\u00e9 \u0159\u00edzen\u00ed nebin\u00e1rn\u00ed tvor a bude tvrdit, \u017ee nen\u00ed ani mu\u017e ani \u017eena. Nem\u00e9n\u011b d\u016fle\u017eit\u00fdm zdrojem je n\u00e1m tak\u00e9 etiketa, kter\u00e1 definuje, pro\u010d e-mail nebude nikdy za\u010d\u00ednat slovy <a href=\"https:\/\/radim.martynek.cz\/?p=86\" target=\"_blank\" rel=\"noreferrer noopener\">DOBR\u00dd DEN<\/a>.<\/p>\n\n\n\n<p>Jednou z kl\u00ed\u010dov\u00fdch zm\u011bn, kterou norma p\u0159inesla, byla \u00faprava p\u00edsma. Ji\u017e v\u00a0roce 2002 \u2013 se zru\u0161en\u00edm odsazov\u00e1n\u00ed prvn\u00edch \u0159\u00e1dk\u016f a jmen a p\u0159\u00edjmen\u00ed a jejich zarovn\u00e1n\u00ed k lev\u00e9 svislici \u2013 norma doporu\u010dila nepou\u017e\u00edvat patkov\u00e1 p\u00edsma (tedy Times New Roman a jemu podobn\u00e1) a p\u0159ednost dala p\u00edsm\u016fm bezpatkov\u00fdm (Arial, Calibri, \u2026). V\u00a0roce 2007 dala norma p\u00edsmu Times definitivn\u00ed <em>adi\u00e9.<\/em><\/p>\n\n\n\n<p>Probl\u00e9m nen\u00ed jen v\u00a0tom, \u017ee mnoho organizac\u00ed pou\u017e\u00edv\u00e1 p\u00edsmo Times, kter\u00e9 se h\u016f\u0159e \u010dte. Probl\u00e9m je p\u0159edev\u0161\u00edm v\u00a0tom, \u017ee organizace mixuj\u00ed p\u00edsma nap\u0159\u00ed\u010d odbory a odd\u011blen\u00edmi. Nejednou tak vid\u00edte r\u016fzn\u00e9 hlavi\u010dky, r\u016fzn\u00e9 odvolac\u00ed \u00fadaje, r\u016fzn\u00e1 z\u00e1pat\u00ed a r\u016fzn\u00e9 fonty nap\u0159\u00ed\u010d dokumenty.<\/p>\n\n\n\n<p>Organizace by m\u011bla definovat jednotnou \u00fapravu, tzn. stejnou hlavi\u010dku pro v\u0161echny sv\u00e9 zam\u011bstnance, stejn\u00e9 p\u00edsmo a stejn\u00e9 i ostatn\u00ed prvky \u00fapravy, aby p\u016fsobila jednotn\u011b v&nbsp;tom na\u0161em mal\u00e9m \u010desk\u00e9m rybn\u00ed\u010dku, ale tak\u00e9 ve styku se zahrani\u010dn\u00edmi subjekty.<\/p>\n\n\n\n<p class=\"has-text-align-center\"><strong>Uk\u00e1zka troj\u00ed nejednotn\u00e9 \u00fapravy z\u00e1hlav\u00ed dokumentu jedn\u00e9 (skoro nejmenovan\u00e9) organizace<\/strong><\/p>\n\n\n<div class=\"wp-block-image\">\n<figure class=\"aligncenter size-full\"><a href=\"https:\/\/radim.martynek.cz\/wp-content\/uploads\/havlbrod-1.png\"><img loading=\"lazy\" decoding=\"async\" width=\"591\" height=\"710\" src=\"https:\/\/radim.martynek.cz\/wp-content\/uploads\/havlbrod-1.png\" alt=\"\" class=\"wp-image-2184\" srcset=\"https:\/\/radim.martynek.cz\/wp-content\/uploads\/havlbrod-1.png 591w, https:\/\/radim.martynek.cz\/wp-content\/uploads\/havlbrod-1-250x300.png 250w\" sizes=\"auto, (max-width: 591px) 100vw, 591px\" \/><\/a><\/figure>\n<\/div>\n\n\n<p><strong>Sm\u011brnici jednotn\u00e9ho vizu\u00e1ln\u00edho vzhledu dokument\u016f <\/strong>V\u00e1m r\u00e1di p\u0159iprav\u00edme tak, jak jsme ji p\u0159ipravili pro \u00da\u0159ad vl\u00e1dy \u010cR (viz uk\u00e1zka n\u00ed\u017ee), Z\u00e1kladn\u00ed \u0161kolu Komensk\u00e9ho v\u00a0N\u00e1chod\u011b a \u0161est des\u00edtek obc\u00ed a m\u011bst nap\u0159\u00ed\u010d \u010cR. Nebude V\u00e1s to st\u00e1t ani p\u016fl mega, ani sto tis\u00edc\u2026 Detaily naleznete na <a href=\"https:\/\/www.akademie-vzdelavani.cz\/dalsi-sluzby\/\">https:\/\/www.akademie-vzdelavani.cz\/dalsi-sluzby\/<\/a>.<\/p>\n\n\n<div class=\"wp-block-image\">\n<figure class=\"aligncenter size-full\"><a href=\"https:\/\/radim.martynek.cz\/wp-content\/uploads\/uv-hlavicka.png\"><img loading=\"lazy\" decoding=\"async\" width=\"754\" height=\"810\" src=\"https:\/\/radim.martynek.cz\/wp-content\/uploads\/uv-hlavicka.png\" alt=\"\" class=\"wp-image-2248\" srcset=\"https:\/\/radim.martynek.cz\/wp-content\/uploads\/uv-hlavicka.png 754w, https:\/\/radim.martynek.cz\/wp-content\/uploads\/uv-hlavicka-279x300.png 279w\" sizes=\"auto, (max-width: 754px) 100vw, 754px\" \/><\/a><\/figure>\n<\/div>\n\n\n<p><a href=\"https:\/\/radim.martynek.cz\/?p=2169\" target=\"_blank\" rel=\"noreferrer noopener\">Pozor na podvodn\u00edky<\/a>, kte\u0159\u00ed se vyd\u00e1vaj\u00ed za odborn\u00edky na p\u00edsemnou komunikaci a u\u010debn\u00ed texty maj\u00ed st\u00e1le v Times :-) N\u00e1\u0161 ak\u010dn\u00ed, z\u00e1bavn\u00fd, interaktivn\u00ed semin\u00e1\u0159 <a href=\"https:\/\/www.akademie-vzdelavani.cz\/vzdelavani\/\" target=\"_blank\" rel=\"noreferrer noopener\">Sou\u010dasn\u00e1 legislativa a jej\u00ed dopad na \u00fapravu dokument\u016f \u2013 etiketa a normy v p\u00edsemn\u00e9m styku<\/a>, d\u00edky kter\u00e9mu sjednot\u00edte \u00fapravu a usnadn\u00edte zam\u011bstnanc\u016fm pr\u00e1ci, m\u016f\u017eete m\u00edt za cenu pod 800 K\u010d za osobu. <\/p>\n","protected":false},"excerpt":{"rendered":"<p>Od roku 1997, kdy byl vynech\u00e1n v\u00a0dopisech p\u0159edtisk slova V\u011aC, se toho zm\u011bnilo docela dost. Datum jsme za\u010dali ps\u00e1t dvoum\u00edstn\u011b a bez mezer (01.05.2024), \u010das v\u00fdhradn\u011b s\u00a0dvojte\u010dkou (10:33) a samotn\u00e1 \u010cSN 01 6910 se v\u00a0\u00faprav\u011b dokument\u016f stala zdrojem sp\u00ed\u0161e sekund\u00e1rn\u00edm, kdy\u017e ustoupila \u010dty\u0159ic\u00edtce mnohem relevantn\u011bj\u0161\u00edch z\u00e1kon\u016f a judik\u00e1t\u016f. D\u00edky nim dnes u\u017e v\u00edme, \u017ee na&#8230;<\/p>\n","protected":false},"author":10,"featured_media":0,"comment_status":"open","ping_status":"","sticky":false,"template":"","format":"standard","meta":{"footnotes":""},"categories":[5],"tags":[],"class_list":["post-2182","post","type-post","status-publish","format-standard","hentry","category-z-prace"],"_links":{"self":[{"href":"https:\/\/radim.martynek.cz\/index.php?rest_route=\/wp\/v2\/posts\/2182","targetHints":{"allow":["GET"]}}],"collection":[{"href":"https:\/\/radim.martynek.cz\/index.php?rest_route=\/wp\/v2\/posts"}],"about":[{"href":"https:\/\/radim.martynek.cz\/index.php?rest_route=\/wp\/v2\/types\/post"}],"author":[{"embeddable":true,"href":"https:\/\/radim.martynek.cz\/index.php?rest_route=\/wp\/v2\/users\/10"}],"replies":[{"embeddable":true,"href":"https:\/\/radim.martynek.cz\/index.php?rest_route=%2Fwp%2Fv2%2Fcomments&post=2182"}],"version-history":[{"count":14,"href":"https:\/\/radim.martynek.cz\/index.php?rest_route=\/wp\/v2\/posts\/2182\/revisions"}],"predecessor-version":[{"id":2254,"href":"https:\/\/radim.martynek.cz\/index.php?rest_route=\/wp\/v2\/posts\/2182\/revisions\/2254"}],"wp:attachment":[{"href":"https:\/\/radim.martynek.cz\/index.php?rest_route=%2Fwp%2Fv2%2Fmedia&parent=2182"}],"wp:term":[{"taxonomy":"category","embeddable":true,"href":"https:\/\/radim.martynek.cz\/index.php?rest_route=%2Fwp%2Fv2%2Fcategories&post=2182"},{"taxonomy":"post_tag","embeddable":true,"href":"https:\/\/radim.martynek.cz\/index.php?rest_route=%2Fwp%2Fv2%2Ftags&post=2182"}],"curies":[{"name":"wp","href":"https:\/\/api.w.org\/{rel}","templated":true}]}}