{"id":2238,"date":"2024-05-02T08:41:09","date_gmt":"2024-05-02T07:41:09","guid":{"rendered":"https:\/\/radim.martynek.cz\/?p=2238"},"modified":"2024-05-02T09:09:19","modified_gmt":"2024-05-02T08:09:19","slug":"funkce-do-hlavy-rozum-z-hlavy","status":"publish","type":"post","link":"https:\/\/radim.martynek.cz\/?p=2238","title":{"rendered":"Funkce do hlavy \u2013 rozum z\u00a0hlavy?"},"content":{"rendered":"\n<p>Ka\u017ed\u00fd z&nbsp;n\u00e1s zn\u00e1 n\u011bkoho, kdo se \u2013 z&nbsp;jeho pohledu \u2013 v&nbsp;pr\u016fb\u011bhu \u010dasu zm\u011bnil. Ka\u017ed\u00fd z&nbsp;n\u00e1s se m\u011bn\u00ed a tento v\u00fdvoj je logick\u00fd, pochopiteln\u00fd a evolu\u010dn\u011b nutn\u00fd. J\u00e1 v\u0161ak sv\u016fj fokus zam\u011b\u0159\u00edm na ty, kte\u0159\u00ed se zm\u011bnili (nebo byli zm\u011bn\u011bni) p\u0159\u00edle\u017eitost\u00ed, kterou jim \u017eivot poskytnul. Na ty z&nbsp;n\u00e1s, kter\u00e9 zm\u011bnila FUNKCE.<\/p>\n\n\n\n<p>Kdysi mi m\u016fj kamar\u00e1d \u2013 soudce \u2013 vypr\u00e1v\u011bl p\u0159\u00edhodu, kter\u00e1 uvoln\u011bn\u011b \u201enastartuje\u201c moji \u00favahu. Tento kamar\u00e1d vzal jednou v&nbsp;l\u00e9t\u011b sv\u016fj a koleg\u016fv tal\u00e1r do \u010dist\u00edrny (ano, i soudci se pot\u00ed :-) a obsluha mu na potvrzen\u00ed napsala <strong>\u201e2x pl\u00e1\u0161\u0165 \u010dern\u00fd kouzelnick\u00fd\u201c.<\/strong> Byl to super vtip? Omyl? Nar\u00e1\u017eka? Osobn\u00ed zku\u0161enost z ne\u00fasp\u011b\u0161n\u00e9ho pokusu zv\u00fd\u0161it alimenta\u010dn\u00ed povinnost b\u00fdval\u00e9ho man\u017eela? To nev\u00edm\u2026 V\u00edm v\u0161ak, \u017ee tato historka v&nbsp;sob\u011b skr\u00fdv\u00e1 velk\u00e9 kouzlo necht\u011bn\u00e9ho, nebo\u0165 mnoz\u00ed ze soudc\u016f jsou sv\u00fdm zp\u016fsobem skute\u010dn\u00fdmi kouzeln\u00edky. I j\u00e1 zn\u00e1m osobn\u011b mnoho soudc\u016f a n\u011bkte\u0159\u00ed z&nbsp;nich se za roky souzen\u00ed VELMI zm\u011bnili.<\/p>\n\n\n\n<p>Profese \u010dlov\u011bka formuje\/m\u011bn\u00ed, ale kouzlen\u00ed s&nbsp;lidsk\u00fdmi osudy mus\u00ed \u010dlov\u011bka, by\u0165 mor\u00e1ln\u011b sebesiln\u011bj\u0161\u00edho, nutn\u011b zm\u011bnit. Kdy\u017e to vezmeme od podstaty, ka\u017ed\u00fd m\u00e1me jak dobrou, tak i \u0161patnou str\u00e1nku. Kdysi jsem sly\u0161el, \u017ee funkce, moc, pen\u00edze a dokonce i fyzick\u00e1 s\u00edla umocn\u00ed ve velk\u00e9 v\u011bt\u0161in\u011b z&nbsp;n\u00e1s p\u0159edev\u0161\u00edm \u0161patn\u00e9 vlastnosti s&nbsp;t\u00edm, \u017ee jen ti vnit\u0159n\u011b siln\u00ed jsou schopni jak\u00e9si sebereflexe, sebepozn\u00e1n\u00ed, intern\u00ed hygieny a v&nbsp;samotn\u00e9m d\u016fsledku nejsou t\u011bmito negativn\u00edmi vlivy ovlivn\u011bni natolik, \u017ee by se zm\u011bnili k&nbsp;hor\u0161\u00edmu. Prost\u011b s&nbsp;t\u00edm dok\u00e1\u017e\u00ed bojovat a tuto nerovnov\u00e1hu vyman\u00e9vrovat. Co m\u011bn\u00ed soudce? To, \u017ee tahaj\u00ed za nitky osudu? To, \u017ee by m\u011bli b\u00fdt v&nbsp;ide\u00e1ln\u00edm p\u0159\u00edpad\u011b neomyln\u00ed? To, \u017ee jsou si v\u011bdomi sv\u00e9 omylnosti, a jsou proto pod neust\u00e1l\u00fdm tlakem sv\u00e9ho sv\u011bdom\u00ed? To, \u017ee jsou podrobov\u00e1ni stresov\u00fdm situac\u00edm v&nbsp;jednac\u00edch s\u00edn\u00edch v\u00edce \u010di m\u00e9n\u011b odv\u00e1\u017en\u00fdmi advok\u00e1ty, kte\u0159\u00ed se sna\u017e\u00ed b\u00fdt v dan\u00e9 chv\u00edli t\u011bmi lep\u0161\u00edmi nebo dokonce nejlep\u0161\u00edmi? Nev\u00edm\u2026 D\u011blat bych to necht\u011bl a jsem r\u00e1d, \u017ee m\u011b osobn\u011b m\u011bn\u00ed, alespo\u0148 douf\u00e1m, jen v\u011bk, z\u00edskan\u00e9 \u017eivotn\u00ed zku\u0161enosti a lid\u00e9, kter\u00e9 m\u00e1m r\u00e1d. T\u011bmi se nech\u00e1m m\u011bnit zcela dobrovoln\u011b a jsem vd\u011b\u010dn\u00fd za ob\u010dasn\u00e9 nastaven\u00ed zrcadla\u2026 by\u0165 ten prvn\u00ed \u0159\u00edzen\u00fd pohled n\u011bkdy opravdu zabol\u00ed :-) Mimochodem, je sv\u00fdm zp\u016fsobem kr\u00e1sn\u00e9, \u017ee slovo <em>soud<\/em> se skl\u00e1d\u00e1 ze stejn\u00fdch p\u00edsmen jako slovo <em>osud<\/em>. Mo\u017en\u00e1 by nebylo od v\u011bci, kdyby s&nbsp;touto replikou pracovali \u010dast\u011bji i soudci\u2026<\/p>\n\n\n\n<p>No, a zm\u011bny v&nbsp;chov\u00e1n\u00ed u jedinc\u016f ve vedouc\u00edch politick\u00fdch funkc\u00edch m\u00e1me mo\u017enost sledovat tak\u0159ka v&nbsp;p\u0159\u00edm\u00e9m p\u0159enosu skrze zpravodajsk\u00e9 relace, pokud si n\u011bkdy n\u00e1hodou pust\u00edme televizi v&nbsp;ten m\u00e9n\u011b vhodn\u00fd okam\u017eik a dobrovoln\u011b si nech\u00e1me chv\u00edli ubli\u017eovat. N\u011bkoho vol\u00edme, proto\u017ee se n\u00e1m zd\u00e1 aktu\u00e1ln\u011b rozumn\u00fd, orientovan\u00fd, schopn\u00fd on\u00e9 sebereflexe, schopn\u00fd vtipu, sebeironie atd. Prost\u011b je z&nbsp;na\u0161eho pohledu NORM\u00c1LN\u00cd a chceme ho tam m\u00edt. Chceme jej v\u00edd\u00e1vat v&nbsp;televizi a \u0159\u00edkat si\u2026<em>jojo, to je pa\u0161\u00e1k, toho jsem volil a d\u011bl\u00e1 to dob\u0159e!<\/em> No, a za p\u00e1r let \u2013 v&nbsp;tom lep\u0161\u00edm p\u0159\u00edpad\u011b \u2013 jsou na\u0161e iluze v trosk\u00e1ch. Od investigativn\u00edch novin\u00e1\u0159\u016f a org\u00e1n\u016f \u010dinn\u00fdch v&nbsp;trestn\u00edm \u0159\u00edzen\u00ed se dov\u00edd\u00e1me, \u017ee n\u00e1\u0161 favorit nerozhodoval s\u00e1m, \u017ee sebou nechal vl\u00e1\u010det, \u017ee nem\u00e1, a asi ani z\u0159ejm\u011b nikdy nem\u011bl, vlastn\u00ed n\u00e1zor a byl loutkou n\u011bkoho, koho jsme nevolili, kdo stoj\u00ed (nebo le\u017e\u00ed ;-) opod\u00e1l, kdo je pro n\u00e1s nevoliteln\u00fd nebo p\u0159\u00edmo nesnesiteln\u00fd. Obdobn\u00e9 situace n\u011bkdy vn\u00edm\u00e1me tak\u00e9 v&nbsp;obc\u00edch a m\u011bstech, v nich\u017e \u017eijeme a kde n\u00e1s to mo\u017en\u00e1 tr\u00e1p\u00ed je\u0161t\u011b o trochu v\u00edc.<\/p>\n\n\n\n<p>P\u0159esto\u017ee ka\u017ed\u00e9ho z&nbsp;n\u00e1s \u010das od \u010dasu ovl\u00e1daj\u00ed \u201etemn\u00e9\u201c s\u00edly, jindy (a snad v\u011bt\u0161inou) na n\u00e1s p\u016fsob\u00ed i s\u00edly, kter\u00e9 tuto intern\u00ed \u201etemnotu\u201c pom\u00e1haj\u00ed p\u0159em\u00e1hat a prosv\u00edtit. Jsem si jist t\u00edm, \u017ee nemus\u00edme b\u00fdt zrovna Harry Potter v&nbsp;kouzelnick\u00e9m pl\u00e1\u0161ti s&nbsp;nap\u0159a\u017eenou bezovou h\u016flkou, abychom se s&nbsp;t\u011bmito situacemi byli schopni vypo\u0159\u00e1dat. Chce to jen vnit\u0159n\u00ed s\u00edlu nebo citliv\u00e9, spravedliv\u00e9 a vn\u00edmav\u00e9 okol\u00ed. <strong>\u017dijme proto okam\u017eikem, \u017eijme naplno s&nbsp;t\u011bmi, kter\u00e9 m\u00e1me r\u00e1di.<\/strong> S t\u011bmi, kte\u0159\u00ed v&nbsp;n\u00e1s \u2013 leckdy opr\u00e1vn\u011bn\u011b \u2013 vzbuzuj\u00ed pochybnosti svoj\u00ed promy\u0161len\u011b a n\u00e1sledn\u011b i citliv\u011b d\u00e1vkovanou up\u0159\u00edmnost\u00ed, d\u00edky \u010demu\u017e n\u00e1m sou\u010dasn\u011b mohou pomoci ke \u201ekorekci m\u011b\u0159idel\u201c, jimi\u017e nahl\u00ed\u017e\u00edme na sebe samotn\u00e9. Pokud jsme schopni jim opl\u00e1cet stejnou minc\u00ed a br\u00e1t v\u011bci s&nbsp;nadhledem, pak je to zcela v&nbsp;po\u0159\u00e1dku.<\/p>\n\n\n\n<p>P\u0159ejme tedy v\u0161em, aby tu s\u00edlu ke zm\u011bn\u011b na\u0161li nebo aby jim byla d\u00e1na \u010di prop\u016fj\u010dena skrze vn\u00edmav\u00e9 okol\u00ed.<\/p>\n\n\n\n<p>Pakli\u017ee na\u0161e s\u00edla nedos\u00e1hne na ty \u201eposti\u017een\u00e9\u201c funkc\u00ed, zkusme je alespo\u0148 tolerovat. Oni za to v&nbsp;podstat\u011b nemohou\u2026<\/p>\n\n\n\n<p>Mgr. Martin Rod, vedouc\u00ed odboru M\u011b\u00da Byst\u0159ice nad Pern\u0161tejnem<\/p>\n\n\n\n<hr class=\"wp-block-separator has-alpha-channel-opacity\"\/>\n\n\n\n<p><strong>Dov\u011btek Radima Martynka:<\/strong><\/p>\n\n\n\n<p>Kdy\u017e jsem Martina po\u017e\u00e1dal o \u010dl\u00e1nek na t\u00e9ma, kter\u00e9 n\u00e1s oba tak trochu tr\u00e1pilo, netu\u0161il jsem, jak\u00fd slohov\u00fd skvost vznikne, s\u00a0jakou hloubkou se bude pot\u00fdkat, ale p\u0159edev\u0161\u00edm: jak v\u00fdsti\u017en\u011b bude mluvit z\u00a0m\u00e9ho srdce.<br>I j\u00e1 poznal ve sv\u00e9m \u017eivot\u011b \u0159adu \u00fa\u0159edn\u00edk\u016f, ze kter\u00fdch se stali tajemn\u00edci. A najednou \u2013 m\u00e1vnut\u00edm proutku \u2013 trvali na vyk\u00e1n\u00ed. I Vy mo\u017en\u00e1 m\u00e1te kolem sebe n\u011bkolik koleg\u016f, ze kter\u00fdch se stali vedouc\u00ed, a najednou zpychli. Vzpome\u0148me na \u0159adu politick\u00fdch figurek, kte\u0159\u00ed byli ve sv\u00e9 dob\u011b slavn\u00ed, ale dnes po nich ani pes ne\u0161t\u011bkne. Z\u00e1rove\u0148 si uv\u011bdomme, kolik lid\u00ed z\u016fstalo \u201elidsk\u00fdch\u201c i po zvolen\u00ed do funkce a d\u00edky tomu se t\u011b\u0161ili oblib\u011b i po tom, co jejich mand\u00e1t vypr\u0161el.<br><strong>[poenta]: Nenechme si funkci stoupnout do hlavy. Nenechme ji, aby n\u00e1s ovlivnila. Dnes jsme \u0159editel\u00e9, vrchn\u00ed minister\u0161t\u00ed radov\u00e9, tajemn\u00edci a starostov\u00e9, ale kdy\u017e funkci ztrat\u00edme, budeme zase jen oby\u010dejn\u00ed lid\u00e9.<\/strong><\/p>\n","protected":false},"excerpt":{"rendered":"<p>Ka\u017ed\u00fd z&nbsp;n\u00e1s zn\u00e1 n\u011bkoho, kdo se \u2013 z&nbsp;jeho pohledu \u2013 v&nbsp;pr\u016fb\u011bhu \u010dasu zm\u011bnil. Ka\u017ed\u00fd z&nbsp;n\u00e1s se m\u011bn\u00ed a tento v\u00fdvoj je logick\u00fd, pochopiteln\u00fd a evolu\u010dn\u011b nutn\u00fd. J\u00e1 v\u0161ak sv\u016fj fokus zam\u011b\u0159\u00edm na ty, kte\u0159\u00ed se zm\u011bnili (nebo byli zm\u011bn\u011bni) p\u0159\u00edle\u017eitost\u00ed, kterou jim \u017eivot poskytnul. Na ty z&nbsp;n\u00e1s, kter\u00e9 zm\u011bnila FUNKCE. Kdysi mi m\u016fj kamar\u00e1d \u2013&#8230;<\/p>\n","protected":false},"author":11,"featured_media":0,"comment_status":"open","ping_status":"","sticky":false,"template":"","format":"standard","meta":{"footnotes":""},"categories":[4],"tags":[],"class_list":["post-2238","post","type-post","status-publish","format-standard","hentry","category-ze-zivota"],"_links":{"self":[{"href":"https:\/\/radim.martynek.cz\/index.php?rest_route=\/wp\/v2\/posts\/2238","targetHints":{"allow":["GET"]}}],"collection":[{"href":"https:\/\/radim.martynek.cz\/index.php?rest_route=\/wp\/v2\/posts"}],"about":[{"href":"https:\/\/radim.martynek.cz\/index.php?rest_route=\/wp\/v2\/types\/post"}],"author":[{"embeddable":true,"href":"https:\/\/radim.martynek.cz\/index.php?rest_route=\/wp\/v2\/users\/11"}],"replies":[{"embeddable":true,"href":"https:\/\/radim.martynek.cz\/index.php?rest_route=%2Fwp%2Fv2%2Fcomments&post=2238"}],"version-history":[{"count":5,"href":"https:\/\/radim.martynek.cz\/index.php?rest_route=\/wp\/v2\/posts\/2238\/revisions"}],"predecessor-version":[{"id":2243,"href":"https:\/\/radim.martynek.cz\/index.php?rest_route=\/wp\/v2\/posts\/2238\/revisions\/2243"}],"wp:attachment":[{"href":"https:\/\/radim.martynek.cz\/index.php?rest_route=%2Fwp%2Fv2%2Fmedia&parent=2238"}],"wp:term":[{"taxonomy":"category","embeddable":true,"href":"https:\/\/radim.martynek.cz\/index.php?rest_route=%2Fwp%2Fv2%2Fcategories&post=2238"},{"taxonomy":"post_tag","embeddable":true,"href":"https:\/\/radim.martynek.cz\/index.php?rest_route=%2Fwp%2Fv2%2Ftags&post=2238"}],"curies":[{"name":"wp","href":"https:\/\/api.w.org\/{rel}","templated":true}]}}