{"id":2382,"date":"2024-09-22T08:07:49","date_gmt":"2024-09-22T07:07:49","guid":{"rendered":"https:\/\/radim.martynek.cz\/?p=2382"},"modified":"2024-09-30T12:07:32","modified_gmt":"2024-09-30T11:07:32","slug":"nejcastejsi-chyby-v-dokumentech","status":"publish","type":"post","link":"https:\/\/radim.martynek.cz\/?p=2382","title":{"rendered":"Nej\u010dast\u011bj\u0161\u00ed chyby v\u00a0dokumentech"},"content":{"rendered":"\n<p>St\u00e1le \u010dast\u011bji se na m\u011b obracej\u00ed starostov\u00e9 s&nbsp;dotazy, jak\u00e9 \u017ee jsou ty nej\u010dast\u011bj\u0161\u00ed chyby vznikaj\u00edc\u00ed p\u0159i vytv\u00e1\u0159en\u00ed p\u00edsemnost\u00ed v&nbsp;samostatn\u00e9 a p\u0159enesen\u00e9 p\u016fsobnosti. Jsou si toti\u017e v\u011bdomi toho, \u017ee jejich \u00fa\u0159edn\u00edci jsou odborn\u00edky ve sv\u00fdch ZOZk\u00e1ch, ale lidov\u00e1 tvo\u0159ivost \u010dastokr\u00e1t vyhr\u00e1v\u00e1 nad pravidly (nejen) pro \u00fapravu dokument\u016f.<\/p>\n\n\n\n<p><strong>Velmi v\u00e1\u017en\u00e9 chyby<\/strong> (rozpor se z\u00e1konem)<\/p>\n\n\n\n<ul class=\"wp-block-list\">\n<li>zve\u0159ej\u0148ov\u00e1n\u00ed dokument\u016f s&nbsp;podpisem (skenov\u00e1n\u00ed podepsan\u00fdch dokument\u016f)<\/li>\n\n\n\n<li>neuv\u00e1d\u011bn\u00ed n\u00e1zvu obce\/m\u011bsta a odboru v&nbsp;z\u00e1hlav\u00ed p\u00edsemnosti <\/li>\n\n\n\n<li>neuv\u00e1d\u011bn\u00ed p\u016fvodce dokumentu (anonymn\u00ed dokument, kter\u00fd nem\u00e1 na konci sv\u00e9ho \u201eautora\u201c)<\/li>\n\n\n\n<li>neuv\u00e1d\u011bn\u00ed data vytvo\u0159en\u00ed dokumentu a pou\u017e\u00edv\u00e1n\u00ed neplatn\u00e9ho form\u00e1tu kalend\u00e1\u0159n\u00edho data<\/li>\n<\/ul>\n\n\n\n<p><strong>St\u0159edn\u011b v\u00e1\u017en\u00e9 chyby<\/strong><\/p>\n\n\n\n<ul class=\"wp-block-list\">\n<li>psan\u00ed slova V\u011aC v dokumentech<\/li>\n\n\n\n<li>pou\u017e\u00edv\u00e1n\u00ed r\u016fzn\u00fdch hlavi\u010dek nap\u0159\u00ed\u010d \u00fa\u0159adem<\/li>\n\n\n\n<li>pou\u017e\u00edv\u00e1n\u00ed r\u016fzn\u00fdch font\u016f nap\u0159\u00ed\u010d \u00fa\u0159adem<\/li>\n\n\n\n<li>pou\u017e\u00edv\u00e1n\u00ed p\u00edsma Times New Roman<\/li>\n\n\n\n<li>pou\u017e\u00edv\u00e1n\u00ed slov \u201edobr\u00fd den\u201c v&nbsp;p\u00edsemn\u00e9m styku (dopisy, e-maily, \u2026)<\/li>\n\n\n\n<li>psan\u00ed velk\u00e9ho po\u010d\u00e1te\u010dn\u00edho p\u00edsmene ve slovech \u201eobec\u201c a \u201em\u011bsto\u201c v&nbsp;n\u00e1zvech pr\u00e1vnick\u00fdch osob (ne, opravdu nez\u00e1le\u017e\u00ed na z\u00e1pise v&nbsp;obchodn\u00edm rejst\u0159\u00edku)<\/li>\n\n\n\n<li>nerozli\u0161ov\u00e1n\u00ed \u201euvozovek\u201c a <strong>\u02dd<\/strong>palc\u016f<strong>\u02dd<\/strong><\/li>\n\n\n\n<li>uv\u00e1d\u011bn\u00ed funkc\u00ed u \u017een v mu\u017esk\u00e9m rod\u011b (nap\u0159. Jana  Nov\u00e1kov\u00e1, starosta)<\/li>\n<\/ul>\n\n\n\n<p><strong>Mal\u00e9 chyby<\/strong><\/p>\n\n\n\n<ul class=\"wp-block-list\">\n<li>nerozli\u0161ov\u00e1n\u00ed poml\u010dky (\u2013) a spojovn\u00edku (-)<\/li>\n\n\n\n<li>\u010dlen\u011bn\u00ed I\u010c a DI\u010c mezerami<\/li>\n\n\n\n<li>nekladen\u00ed mezer ve zkratk\u00e1ch (po te\u010dk\u00e1ch), nap\u0159. k.\u00fa., p.p.\u010d.st., s.r.o. (ne, opravdu nez\u00e1le\u017e\u00ed na z\u00e1pise v&nbsp;obchodn\u00edm rejst\u0159\u00edku)<\/li>\n\n\n\n<li>odsazov\u00e1n\u00ed prvn\u00edch \u0159\u00e1dk\u016f odstavc\u016f (o p\u011bt \u00fahoz\u016f nebo tabul\u00e1tor) a umis\u0165ov\u00e1n\u00ed podpisu doprava<\/li>\n\n\n\n<li>psan\u00ed slova email m\u00edsto slova e-mail<\/li>\n\n\n\n<li>velk\u00e1 p\u00edsmena v&nbsp;ozna\u010den\u00ed dokument\u016f, nap\u0159. Obecn\u011b z\u00e1vazn\u00e1 vyhl\u00e1\u0161ka, Kupn\u00ed smlouva, \u2026<\/li>\n<\/ul>\n\n\n\n<p>To v\u0161e a mnohem v\u00edce se z\u00e1bavnou formou nau\u010d\u00edte na semin\u00e1\u0159i <a href=\"https:\/\/www.akademie-vzdelavani.cz\/vzdelavani\/\" target=\"_blank\" rel=\"noreferrer noopener\">Sou\u010dasn\u00e1 legislativa a jej\u00ed dopad na \u00fapravu dokument\u016f \u2013 etiketa a normy v p\u00edsemn\u00e9m styku<\/a>. Jeho c\u00edlem nen\u00ed sek\u00fdrovat \u00fa\u0159edn\u00edky, jak maj\u00ed d\u011blat svou pr\u00e1ci, ale tu pr\u00e1ci jim zjednodu\u0161it. I proto si na semin\u00e1\u0159i uk\u00e1\u017eeme, co d\u011blat nemus\u00edte, a\u010dkoli to z\u0159izovatel\/ministerstvo po V\u00e1s chce, a jak si usnadnit pr\u00e1ci pomoc\u00ed funkc\u00ed ve Wordu, o kter\u00fdch m\u00e1lokdo v\u00ed.<\/p>\n","protected":false},"excerpt":{"rendered":"<p>St\u00e1le \u010dast\u011bji se na m\u011b obracej\u00ed starostov\u00e9 s&nbsp;dotazy, jak\u00e9 \u017ee jsou ty nej\u010dast\u011bj\u0161\u00ed chyby vznikaj\u00edc\u00ed p\u0159i vytv\u00e1\u0159en\u00ed p\u00edsemnost\u00ed v&nbsp;samostatn\u00e9 a p\u0159enesen\u00e9 p\u016fsobnosti. Jsou si toti\u017e v\u011bdomi toho, \u017ee jejich \u00fa\u0159edn\u00edci jsou odborn\u00edky ve sv\u00fdch ZOZk\u00e1ch, ale lidov\u00e1 tvo\u0159ivost \u010dastokr\u00e1t vyhr\u00e1v\u00e1 nad pravidly (nejen) pro \u00fapravu dokument\u016f. Velmi v\u00e1\u017en\u00e9 chyby (rozpor se z\u00e1konem) St\u0159edn\u011b v\u00e1\u017en\u00e9 chyby&#8230;<\/p>\n","protected":false},"author":10,"featured_media":0,"comment_status":"open","ping_status":"","sticky":false,"template":"","format":"standard","meta":{"footnotes":""},"categories":[5],"tags":[],"class_list":["post-2382","post","type-post","status-publish","format-standard","hentry","category-z-prace"],"_links":{"self":[{"href":"https:\/\/radim.martynek.cz\/index.php?rest_route=\/wp\/v2\/posts\/2382","targetHints":{"allow":["GET"]}}],"collection":[{"href":"https:\/\/radim.martynek.cz\/index.php?rest_route=\/wp\/v2\/posts"}],"about":[{"href":"https:\/\/radim.martynek.cz\/index.php?rest_route=\/wp\/v2\/types\/post"}],"author":[{"embeddable":true,"href":"https:\/\/radim.martynek.cz\/index.php?rest_route=\/wp\/v2\/users\/10"}],"replies":[{"embeddable":true,"href":"https:\/\/radim.martynek.cz\/index.php?rest_route=%2Fwp%2Fv2%2Fcomments&post=2382"}],"version-history":[{"count":11,"href":"https:\/\/radim.martynek.cz\/index.php?rest_route=\/wp\/v2\/posts\/2382\/revisions"}],"predecessor-version":[{"id":2397,"href":"https:\/\/radim.martynek.cz\/index.php?rest_route=\/wp\/v2\/posts\/2382\/revisions\/2397"}],"wp:attachment":[{"href":"https:\/\/radim.martynek.cz\/index.php?rest_route=%2Fwp%2Fv2%2Fmedia&parent=2382"}],"wp:term":[{"taxonomy":"category","embeddable":true,"href":"https:\/\/radim.martynek.cz\/index.php?rest_route=%2Fwp%2Fv2%2Fcategories&post=2382"},{"taxonomy":"post_tag","embeddable":true,"href":"https:\/\/radim.martynek.cz\/index.php?rest_route=%2Fwp%2Fv2%2Ftags&post=2382"}],"curies":[{"name":"wp","href":"https:\/\/api.w.org\/{rel}","templated":true}]}}