{"id":2450,"date":"2024-11-19T06:39:06","date_gmt":"2024-11-19T05:39:06","guid":{"rendered":"https:\/\/radim.martynek.cz\/?p=2450"},"modified":"2024-11-25T12:44:28","modified_gmt":"2024-11-25T11:44:28","slug":"osobni-dopis-vedouciho-pracovnika","status":"publish","type":"post","link":"https:\/\/radim.martynek.cz\/?p=2450","title":{"rendered":"Osobn\u00ed dopis vedouc\u00edho pracovn\u00edka"},"content":{"rendered":"\n<p style=\"font-size:17px\">\u2026 je ten nejpresti\u017en\u011bj\u0161\u00ed dokument, jak\u00fd m\u016f\u017eeme kdy dostat. Osobn\u00ed dopis a v\u00fdplatn\u00ed p\u00e1sku. P\u0159itom m\u00e1lokter\u00fd ze 179 m\u011bstsk\u00fdch \u00fa\u0159ad\u016f, kter\u00e9 jsou m\u00fdm klientem, tento dokument v\u016fbec pou\u017e\u00edv\u00e1.<\/p>\n\n\n\n<p>P\u0159i zvl\u00e1\u0161tn\u00edch p\u0159\u00edle\u017eitostech p\u00ed\u0161\u00ed p\u0159edstavitel\u00e9 st\u00e1tu, m\u011bst, obc\u00ed nebo spole\u010dnost\u00ed osobn\u00ed dopisy, kter\u00e9 maj\u00ed v\u00fdjime\u010dn\u00fd charakter. Pou\u017e\u00edvaj\u00ed se <strong>p\u0159i odchodu zam\u011bstnance do d\u016fchodu, p\u0159i blahop\u0159\u00e1n\u00ed k\u00a0narozen\u00ed d\u00edt\u011bte\u2026 <\/strong>ne zrovna v\u00a0tomto po\u0159ad\u00ed\u2026 <strong>k\u00a0pracovn\u00edmu nebo \u017eivotn\u00edmu jubileu, <\/strong>v\u00fdjime\u010dn\u011b v\u0161ak tak\u00e9 pro kondolence. Nehod\u00ed se pro dopisy do ciziny ani pro vy\u0159izov\u00e1n\u00ed b\u011b\u017en\u00fdch z\u00e1le\u017eitost\u00ed (nezam\u011b\u0148ovat se soukrom\u00fdmi dopisy ob\u010dan\u016f).<\/p>\n\n\n\n<p>Osobn\u00ed dopisy p\u00ed\u0161\u00ed prezidenti, minist\u0159i, starostov\u00e9, tajemn\u00edci, pop\u0159. vedouc\u00ed odbor\u016f a adresuj\u00ed je sob\u011b rovn\u00fdm (nap\u0159. ministr ministrovi) nebo vlastn\u00edm pod\u0159\u00edzen\u00fdm (tajemn\u00edk \u00fa\u0159edn\u00edk\u016fm). Osobn\u00ed dopis se nehod\u00ed pro vy\u0159izov\u00e1n\u00ed b\u011b\u017en\u00fdch \u00fa\u0159edn\u00edch z\u00e1le\u017eitost\u00ed v&nbsp;samostatn\u00e9 nebo p\u0159enesen\u00e9 p\u016fsobnosti.<\/p>\n\n\n\n<p>Chcete ud\u011blat sv\u00e9mu \u0161\u00e9fovi radost? V\u011bnujte mu osobn\u00ed dopis se znakem jeho m\u011bsta. \u0160ablonu naleznete <a href=\"https:\/\/download.akademie-vzdelavani.cz\/kocourkov.doc\" target=\"_blank\" rel=\"noreferrer noopener\">ke sta\u017een\u00ed zde<\/a>. Premi\u00e9r a vl\u00e1da \u010cR pou\u017e\u00edv\u00e1 na\u0161e \u0161ablony ji\u017e od roku 2014.<\/p>\n\n\n\n<p>Nezam\u011b\u0148ujme v\u0161ak osobn\u00ed dopis se soukrom\u00fdm dopisem. <em>Osobn\u00ed dopis vedouc\u00edho pracovn\u00edka<\/em> je terminus technicus. Tento dopis je u n\u00e1s historicky zakotven a je to <em>P\u00e1n Dopis \u2013 Dopis v\u0161ech dopis\u016f.<\/em><\/p>\n\n\n\n<p>Jedn\u00e1 se o v\u00fdjime\u010dnou, srde\u010dnou, mnohdy neform\u00e1ln\u00ed p\u00edsemnost, proto zde neplat\u00ed ta form\u00e1ln\u00ed, blokov\u00e1, \u00fa\u0159ednick\u00e1 \u00faprava. Nem\u016f\u017eeme ale \u0159\u00edci, \u017ee by zde neplatila pravidla \u017e\u00e1dn\u00e1. Dopis m\u00e1 svou historii od 70. let minul\u00e9ho stolet\u00ed. Pravidla pro jeho form\u00e1tov\u00e1n\u00ed jsou velmi p\u0159\u00edsn\u00e1:<\/p>\n\n\n\n<ul class=\"wp-block-list\">\n<li>Zpravidla se pou\u017e\u00edv\u00e1 reprezentativn\u00ed <strong>pap\u00edr o vy\u0161\u0161\u00ed gram\u00e1\u017ei, <\/strong>obvykle ne b\u00edl\u00fd. Na pap\u00edr se tiskne jm\u00e9no, p\u0159\u00edjmen\u00ed a funkce pisatele dopisu a n\u00e1zev organizace (v\u0161e zarovn\u00e1no soum\u011brn\u011b k&nbsp;lev\u00e9 svislici nebo na st\u0159ed \u2013 mo\u017eno doplnit o logo nebo znak m\u011bsta).<\/li>\n\n\n\n<li><strong>M\u00edsto a&nbsp;datum odesl\u00e1n\u00ed<\/strong> se uv\u00e1d\u00ed vzestupn\u011b, m\u011bs\u00edc se vypisuje slovem, cel\u00e9 datum se zarovn\u00e1v\u00e1 k&nbsp;prav\u00e9mu okraji. Pod datum lze uv\u00e9st \u010d\u00edslo jednac\u00ed (nebo na\u0161i zna\u010dku) odes\u00edlatele.<\/li>\n\n\n\n<li>Dopis za\u010d\u00edn\u00e1 osloven\u00edm, um\u00edst\u011bn\u00fdm od lev\u00e9 svislice. Pou\u017e\u00edv\u00e1 se <strong>\u0159\u00e1dkov\u00e1n\u00ed 1,5. <\/strong>Mezi osloven\u00edm a&nbsp;textem, mezi odstavci a&nbsp;mezi posledn\u00edm \u0159\u00e1dkem textu a&nbsp;pozdravem se vynech\u00e1v\u00e1 mezera o&nbsp;v\u00fd\u0161ce jednoho \u0159\u00e1dku. Nov\u00e9 odstavce za\u010d\u00ednaj\u00ed odsazen\u00edm.<\/li>\n\n\n\n<li>Pod textem dopisu v&nbsp;prav\u00e9 \u010d\u00e1sti textov\u00e9ho sloupce je <strong>vlastnoru\u010dn\u00ed podpis odes\u00edlatele. <\/strong>Pod t\u00edmto podpisem se p\u0159epis jm\u00e9na, p\u0159\u00edjmen\u00ed a&nbsp;funkce ji\u017e netiskne.<\/li>\n\n\n\n<li><strong>Um\u00edst\u011bn\u00ed podpisu v&nbsp;prav\u00e9 \u010d\u00e1sti je mo\u017en\u00e9 pouze v&nbsp;osobn\u00edm dopise vedouc\u00edho pracovn\u00edka.<\/strong> Roli zde nehraje um\u00edst\u011bn\u00ed data vpravo (jak \u0159\u00edk\u00e1 \u010cSN 01 6910:2014), ale odsazen\u00ed prvn\u00edch \u0159\u00e1dk\u016f. V&nbsp;\u017e\u00e1dn\u00e9m jin\u00e9m dopise se neum\u00edst\u00ed podpis doprava.<\/li>\n\n\n\n<li>Adresa p\u0159\u00edjemce se uv\u00e1d\u00ed jednoduch\u00fdm \u0159\u00e1dkov\u00e1n\u00edm a&nbsp;bez PS\u010c v&nbsp;doln\u00ed \u010d\u00e1sti listu pod textem dopisu od lev\u00e9 svislice (adresa p\u0159\u00edjemce se um\u00edst\u00ed na konec str\u00e1nky bez ohledu na to, kde kon\u010d\u00ed pozdrav). Uv\u00e1d\u00ed se zdvo\u0159ilostn\u00ed osloven\u00ed. Nen\u00ed-li to nezbytn\u011b nutn\u00e9, osobn\u00ed dopis nebude obsahovat v\u00edce ne\u017e jednu stranu.<\/li>\n\n\n\n<li>V&nbsp;osobn\u00edch dopisech se nepou\u017eije blokov\u00e1 \u00faprava prav\u00e9ho okraje, tj. prav\u00fd okraj z\u016fstane nezarovnan\u00fd, a z\u00e1rove\u0148 plat\u00ed, \u017ee <strong>rozd\u00edl v&nbsp;d\u00e9lk\u00e1ch \u0159\u00e1dk\u016f nesm\u00ed b\u00fdt v\u011bt\u0161\u00ed ne\u017e 5 znak\u016f.<\/strong> Abychom toho doc\u00edlili u \u0159\u00e1dk\u016f, kter\u00e9 tuto podm\u00ednku nespl\u0148uj\u00ed, je mo\u017eno zapnout automatick\u00e9 d\u011blen\u00ed slov, pop\u0159. je nutn\u00e9 dokument p\u0159estylizovat. Mo\u017en\u00e1 se V\u00e1m to zd\u00e1 pracn\u00e9\u2026 ale <strong>osobn\u00ed dopis za to stoj\u00ed.<\/strong><\/li>\n\n\n\n<li>Co se p\u00edsma t\u00fd\u010de, vhodn\u00e9 je dr\u017eet se sm\u011brnice jednotn\u00e9ho vizu\u00e1ln\u00edho stylu p\u00edsemnost\u00ed. Pokud sm\u011brnici nem\u00e1te, pou\u017eijte bezpatkov\u00e9 p\u00edsmo (Arial, Calibri, \u2026), av\u0161ak <a href=\"https:\/\/radim.martynek.cz\/?p=2182\" target=\"_blank\" rel=\"noreferrer noopener\">nikdy ne Times<\/a>.<\/li>\n<\/ul>\n\n\n\n<p style=\"font-size:17px\"><strong>Zaj\u00edm\u00e1 V\u00e1s v\u00edce<\/strong> k&nbsp;\u00faprav\u011b dokument\u016f vznikaj\u00edc\u00edch v&nbsp;samostatn\u00e9 a p\u0159enesen\u00e9 p\u016fsobnosti? Objednejte si z\u00e1bavn\u00fd, interaktivn\u00ed, akreditovan\u00fd semin\u00e1\u0159 <a href=\"https:\/\/www.akademie-vzdelavani.cz\/vzdelavani\/\" target=\"_blank\" rel=\"noreferrer noopener\">Sou\u010dasn\u00e1 legislativa a jej\u00ed dopad na \u00fapravu dokument\u016f \u2013 etiketa a normy v p\u00edsemn\u00e9m styku<\/a>.<\/p>\n\n\n\n<figure class=\"wp-block-image size-large\"><a href=\"https:\/\/radim.martynek.cz\/wp-content\/uploads\/osobni-dopis.jpg\"><img loading=\"lazy\" decoding=\"async\" width=\"1024\" height=\"766\" src=\"https:\/\/radim.martynek.cz\/wp-content\/uploads\/osobni-dopis-1024x766.jpg\" alt=\"\" class=\"wp-image-2466\" srcset=\"https:\/\/radim.martynek.cz\/wp-content\/uploads\/osobni-dopis-1024x766.jpg 1024w, https:\/\/radim.martynek.cz\/wp-content\/uploads\/osobni-dopis-300x224.jpg 300w, https:\/\/radim.martynek.cz\/wp-content\/uploads\/osobni-dopis-768x575.jpg 768w, https:\/\/radim.martynek.cz\/wp-content\/uploads\/osobni-dopis.jpg 1108w\" sizes=\"auto, (max-width: 1024px) 100vw, 1024px\" \/><\/a><\/figure>\n","protected":false},"excerpt":{"rendered":"<p>\u2026 je ten nejpresti\u017en\u011bj\u0161\u00ed dokument, jak\u00fd m\u016f\u017eeme kdy dostat. Osobn\u00ed dopis a v\u00fdplatn\u00ed p\u00e1sku. P\u0159itom m\u00e1lokter\u00fd ze 179 m\u011bstsk\u00fdch \u00fa\u0159ad\u016f, kter\u00e9 jsou m\u00fdm klientem, tento dokument v\u016fbec pou\u017e\u00edv\u00e1. P\u0159i zvl\u00e1\u0161tn\u00edch p\u0159\u00edle\u017eitostech p\u00ed\u0161\u00ed p\u0159edstavitel\u00e9 st\u00e1tu, m\u011bst, obc\u00ed nebo spole\u010dnost\u00ed osobn\u00ed dopisy, kter\u00e9 maj\u00ed v\u00fdjime\u010dn\u00fd charakter. Pou\u017e\u00edvaj\u00ed se p\u0159i odchodu zam\u011bstnance do d\u016fchodu, p\u0159i blahop\u0159\u00e1n\u00ed k\u00a0narozen\u00ed d\u00edt\u011bte\u2026&#8230;<\/p>\n","protected":false},"author":10,"featured_media":0,"comment_status":"open","ping_status":"","sticky":false,"template":"","format":"standard","meta":{"footnotes":""},"categories":[5],"tags":[],"class_list":["post-2450","post","type-post","status-publish","format-standard","hentry","category-z-prace"],"_links":{"self":[{"href":"https:\/\/radim.martynek.cz\/index.php?rest_route=\/wp\/v2\/posts\/2450","targetHints":{"allow":["GET"]}}],"collection":[{"href":"https:\/\/radim.martynek.cz\/index.php?rest_route=\/wp\/v2\/posts"}],"about":[{"href":"https:\/\/radim.martynek.cz\/index.php?rest_route=\/wp\/v2\/types\/post"}],"author":[{"embeddable":true,"href":"https:\/\/radim.martynek.cz\/index.php?rest_route=\/wp\/v2\/users\/10"}],"replies":[{"embeddable":true,"href":"https:\/\/radim.martynek.cz\/index.php?rest_route=%2Fwp%2Fv2%2Fcomments&post=2450"}],"version-history":[{"count":16,"href":"https:\/\/radim.martynek.cz\/index.php?rest_route=\/wp\/v2\/posts\/2450\/revisions"}],"predecessor-version":[{"id":2469,"href":"https:\/\/radim.martynek.cz\/index.php?rest_route=\/wp\/v2\/posts\/2450\/revisions\/2469"}],"wp:attachment":[{"href":"https:\/\/radim.martynek.cz\/index.php?rest_route=%2Fwp%2Fv2%2Fmedia&parent=2450"}],"wp:term":[{"taxonomy":"category","embeddable":true,"href":"https:\/\/radim.martynek.cz\/index.php?rest_route=%2Fwp%2Fv2%2Fcategories&post=2450"},{"taxonomy":"post_tag","embeddable":true,"href":"https:\/\/radim.martynek.cz\/index.php?rest_route=%2Fwp%2Fv2%2Ftags&post=2450"}],"curies":[{"name":"wp","href":"https:\/\/api.w.org\/{rel}","templated":true}]}}