{"id":2487,"date":"2024-12-11T08:42:16","date_gmt":"2024-12-11T07:42:16","guid":{"rendered":"https:\/\/radim.martynek.cz\/?p=2487"},"modified":"2024-12-11T18:15:05","modified_gmt":"2024-12-11T17:15:05","slug":"nejsilenejsi-dokumenty-v-cr","status":"publish","type":"post","link":"https:\/\/radim.martynek.cz\/?p=2487","title":{"rendered":"Nej\u0161\u00edlen\u011bj\u0161\u00ed dokumenty v \u010cR :-)"},"content":{"rendered":"\n<p>Na semin\u00e1\u0159\u00edch se m\u011b \u00fa\u010dastn\u00edci ptaj\u00ed, jestli existuje v\u016fbec \u00fa\u0159ad, na n\u011bm\u017e jsou dokumenty po str\u00e1nce jazykov\u00e9 a legislativn\u00ed v po\u0159\u00e1dku. Samoz\u0159ejm\u011b! A \u017ee jich je! V\u011bt\u0161inou jde o m\u00e9 klienty, kte\u0159\u00ed absolvovali semin\u00e1\u0159e na t\u00e9ma<strong> \u00fapravy dokument\u016f dle legislativy a judikatury, <\/strong>a ti se neb\u00e1li implementovat v\u0161echny nov\u00e9 poznatky do dokument\u016f vznikaj\u00edc\u00edch v samostatn\u00e9 a p\u0159enesen\u00e9 p\u016fsobnosti.<\/p>\n\n\n\n<p>Asi nejhez\u010d\u00ed dokumenty jsem vid\u011bl na M\u011b\u00da Nov\u00fd Ji\u010d\u00edn (viz n\u00ed\u017ee), kde je opravdov\u00fdm o\u0159\u00ed\u0161kem naj\u00edt n\u011bjakou chybu, kter\u00e1 by byla v rozporu s kl\u00ed\u010dovou legislativou (\u010d\u00edm\u017e <a href=\"https:\/\/radim.martynek.cz\/?p=2470\" target=\"_blank\" rel=\"noreferrer noopener\">upozor\u0148uji na podvodn\u00edky<\/a>, kte\u0159\u00ed na \u00fa\u0159adech \u0161kol\u00ed \u00fapravu dokument\u016f jen podle \u010cSN 01 6910).<\/p>\n\n\n<div class=\"wp-block-image\">\n<figure class=\"aligncenter size-full\"><a href=\"https:\/\/radim.martynek.cz\/wp-content\/uploads\/nj.jpg\"><img loading=\"lazy\" decoding=\"async\" width=\"1004\" height=\"614\" src=\"https:\/\/radim.martynek.cz\/wp-content\/uploads\/nj.jpg\" alt=\"\" class=\"wp-image-2488\" srcset=\"https:\/\/radim.martynek.cz\/wp-content\/uploads\/nj.jpg 1004w, https:\/\/radim.martynek.cz\/wp-content\/uploads\/nj-300x183.jpg 300w, https:\/\/radim.martynek.cz\/wp-content\/uploads\/nj-768x470.jpg 768w\" sizes=\"auto, (max-width: 1004px) 100vw, 1004px\" \/><\/a><\/figure>\n<\/div>\n\n\n<p>Ve v\u00fd\u0161e uveden\u00e9m dokumentu m\u016f\u017eete vid\u011bt: jednotn\u00e9 p\u00edsmo, spr\u00e1vn\u00e9 po\u0159ad\u00ed odvolac\u00edch \u00fadaj\u016f, perfektn\u011b napsan\u00e9 datum, drobn\u00e1 chybi\u010dka ve zkratce \u010d. j., zbyte\u010dn\u00e1 mezin\u00e1rodn\u00ed p\u0159edvolba u telefonn\u00edho \u010d\u00edsla, ale jinak dokonal\u00fd dokument!<\/p>\n\n\n\n<p>Na druh\u00e9 stran\u011b pomysln\u00e9 spr\u00e1vnosti je \u0159ada \u00fa\u0159ad\u016f a mezi nimi <em>exceluj\u00ed <\/em>Rychnov nad Kn\u011b\u017enou a Louny. Oba tajemn\u00edci \u2013 i po upozorn\u011bn\u00ed na stav \u00fa\u0159edn\u00ed desky \u2013 odm\u00edtli spolupr\u00e1ci s t\u00edm, \u017ee kl\u00ed\u010dov\u00fd je obsah, nikoli form\u00e1t \u010di vzhled p\u00edsemnost\u00ed.<\/p>\n\n\n<div class=\"wp-block-image\">\n<figure class=\"aligncenter size-large\"><a href=\"https:\/\/radim.martynek.cz\/wp-content\/uploads\/louny.jpg\"><img loading=\"lazy\" decoding=\"async\" width=\"1024\" height=\"685\" src=\"https:\/\/radim.martynek.cz\/wp-content\/uploads\/louny-1024x685.jpg\" alt=\"\" class=\"wp-image-2489\" srcset=\"https:\/\/radim.martynek.cz\/wp-content\/uploads\/louny-1024x685.jpg 1024w, https:\/\/radim.martynek.cz\/wp-content\/uploads\/louny-300x201.jpg 300w, https:\/\/radim.martynek.cz\/wp-content\/uploads\/louny-768x514.jpg 768w, https:\/\/radim.martynek.cz\/wp-content\/uploads\/louny.jpg 1341w\" sizes=\"auto, (max-width: 1024px) 100vw, 1024px\" \/><\/a><\/figure>\n<\/div>\n\n\n<p>Ve v\u00fd\u0161e uveden\u00e9m dokumentu m\u016f\u017eete vid\u011bt: v z\u00e1hlav\u00ed chyb\u011bj\u00edc\u00ed \u00fadaj o obci\/m\u011bst\u011b\/odboru, r\u016fzn\u011b odsazen\u00e9 odr\u00e1\u017eky, podtrh\u00e1v\u00e1n\u00ed, kter\u00e9 se nepou\u017e\u00edv\u00e1 od roku 2014, uv\u00e1d\u011bn\u00ed funkce p\u0159ed jm\u00e9nem a p\u0159\u00edjmen\u00edm, &#8230; Ustanoven\u00ed \u00a7 111 z\u00e1kona o obc\u00edch definuje, co mus\u00ed obsahovat v z\u00e1hlav\u00ed, respektive \u017ee prvn\u00edm slovem mus\u00ed b\u00fdt \u201em\u011bsto\u201c nebo \u201em\u011bstsk\u00fd \u00fa\u0159ad\u201c. Zda tajemn\u00edk uv\u00e1d\u00ed svou funkci v z\u00e1hlav\u00ed dokumentu pro svou je\u0161itnost, nebo mu to n\u011bkdo tam dal omylem\/z\u00e1m\u011brn\u011b, se z\u0159ejm\u011b nedozv\u00edme :-)<\/p>\n\n\n\n<figure class=\"wp-block-image size-large\"><a href=\"https:\/\/radim.martynek.cz\/wp-content\/uploads\/rychnov-1.jpg\"><img loading=\"lazy\" decoding=\"async\" width=\"1024\" height=\"690\" src=\"https:\/\/radim.martynek.cz\/wp-content\/uploads\/rychnov-1-1024x690.jpg\" alt=\"\" class=\"wp-image-2490\" srcset=\"https:\/\/radim.martynek.cz\/wp-content\/uploads\/rychnov-1-1024x690.jpg 1024w, https:\/\/radim.martynek.cz\/wp-content\/uploads\/rychnov-1-300x202.jpg 300w, https:\/\/radim.martynek.cz\/wp-content\/uploads\/rychnov-1-768x518.jpg 768w, https:\/\/radim.martynek.cz\/wp-content\/uploads\/rychnov-1.jpg 1267w\" sizes=\"auto, (max-width: 1024px) 100vw, 1024px\" \/><\/a><\/figure>\n\n\n\n<p>Ve v\u00fd\u0161e uveden\u00e9m dokumentu m\u016f\u017eete vid\u011bt: tot\u00e1ln\u00ed sado maso v p\u00edsemn\u00e9m styku \ud83d\ude02 Znaky neprokl\u00e1d\u00e1me od roku 1997 (prokl\u00e1daly se na mechanick\u00fdch psac\u00edch stroj\u00edch), zam\u011bstnanc\u016fm chyb\u00ed k\u0159estn\u00ed jm\u00e9na, zb\u011bsil\u00e9 odvolac\u00ed \u00fadaje, p\u00edsmo Times, kter\u00e9 se nepou\u017e\u00edv\u00e1 od roku 2002&#8230; Prost\u011b Kocourkov.<\/p>\n\n\n\n<figure class=\"wp-block-image size-large\"><a href=\"https:\/\/radim.martynek.cz\/wp-content\/uploads\/rychnov-2.jpg\"><img loading=\"lazy\" decoding=\"async\" width=\"1024\" height=\"594\" src=\"https:\/\/radim.martynek.cz\/wp-content\/uploads\/rychnov-2-1024x594.jpg\" alt=\"\" class=\"wp-image-2491\" srcset=\"https:\/\/radim.martynek.cz\/wp-content\/uploads\/rychnov-2-1024x594.jpg 1024w, https:\/\/radim.martynek.cz\/wp-content\/uploads\/rychnov-2-300x174.jpg 300w, https:\/\/radim.martynek.cz\/wp-content\/uploads\/rychnov-2-768x445.jpg 768w, https:\/\/radim.martynek.cz\/wp-content\/uploads\/rychnov-2.jpg 1357w\" sizes=\"auto, (max-width: 1024px) 100vw, 1024px\" \/><\/a><figcaption class=\"wp-element-caption\">Ve v\u00fd\u0161e uveden\u00e9m dokumentu m\u016f\u017eete vid\u011bt: r\u016fzn\u00e9 hlavi\u010dky a r\u016fzn\u00e1 p\u00edsma, p\u0159i\u010dem\u017e jde o stejn\u00fd odbor t\u00e9ho\u017e \u00fa\u0159adu. Zde pisatel vyeskaloval \u00fapravu do pekeln\u00fdch v\u00fd\u0161in \ud83d\ude08 R\u016fzn\u00e1 \u201eo\u201c v n\u00e1zvech odbor\u016f, r\u016fzn\u00e1 p\u00edsma (od neplatn\u00e9ho Times, p\u0159es modern\u00ed Calibri, po zastaral\u00fd Times), zb\u011bsil\u00e9 odvolac\u00ed \u00fadaje, ma\u010farsk\u00e9 uv\u00e1d\u011bn\u00ed p\u0159\u00edjmen\u00ed a jm\u00e9na, neschopnost \u010dlenit telefonn\u00ed \u010d\u00edslo po trojic\u00edch \u010d\u00edslic, &#8230; Lidov\u00e1 tvo\u0159ivost, za kterou \u2013 kdyby se platilo \u2013 tak je pan\u00ed v bal\u00edku :-)<\/figcaption><\/figure>\n\n\n\n<p>Jak spr\u00e1vn\u011b vytv\u00e1\u0159et obchodn\u00ed a \u00fa\u0159edn\u00ed dokumenty v souladu s legislativou a judikaturou V\u00e1s nau\u010d\u00edme na semin\u00e1\u0159i <strong><a href=\"https:\/\/www.akademie-vzdelavani.cz\/vzdelavani\/\" target=\"_blank\" rel=\"noreferrer noopener\">Sou\u010dasn\u00e1 legislativa a jej\u00ed dopad na \u00fapravu dokument\u016f \u2013 etiketa a normy v p\u00edsemn\u00e9m styku<\/a><\/strong>.<\/p>\n","protected":false},"excerpt":{"rendered":"<p>Na semin\u00e1\u0159\u00edch se m\u011b \u00fa\u010dastn\u00edci ptaj\u00ed, jestli existuje v\u016fbec \u00fa\u0159ad, na n\u011bm\u017e jsou dokumenty po str\u00e1nce jazykov\u00e9 a legislativn\u00ed v po\u0159\u00e1dku. Samoz\u0159ejm\u011b! A \u017ee jich je! V\u011bt\u0161inou jde o m\u00e9 klienty, kte\u0159\u00ed absolvovali semin\u00e1\u0159e na t\u00e9ma \u00fapravy dokument\u016f dle legislativy a judikatury, a ti se neb\u00e1li implementovat v\u0161echny nov\u00e9 poznatky do dokument\u016f vznikaj\u00edc\u00edch v samostatn\u00e9&#8230;<\/p>\n","protected":false},"author":10,"featured_media":0,"comment_status":"open","ping_status":"","sticky":false,"template":"","format":"standard","meta":{"footnotes":""},"categories":[5],"tags":[],"class_list":["post-2487","post","type-post","status-publish","format-standard","hentry","category-z-prace"],"_links":{"self":[{"href":"https:\/\/radim.martynek.cz\/index.php?rest_route=\/wp\/v2\/posts\/2487","targetHints":{"allow":["GET"]}}],"collection":[{"href":"https:\/\/radim.martynek.cz\/index.php?rest_route=\/wp\/v2\/posts"}],"about":[{"href":"https:\/\/radim.martynek.cz\/index.php?rest_route=\/wp\/v2\/types\/post"}],"author":[{"embeddable":true,"href":"https:\/\/radim.martynek.cz\/index.php?rest_route=\/wp\/v2\/users\/10"}],"replies":[{"embeddable":true,"href":"https:\/\/radim.martynek.cz\/index.php?rest_route=%2Fwp%2Fv2%2Fcomments&post=2487"}],"version-history":[{"count":4,"href":"https:\/\/radim.martynek.cz\/index.php?rest_route=\/wp\/v2\/posts\/2487\/revisions"}],"predecessor-version":[{"id":2496,"href":"https:\/\/radim.martynek.cz\/index.php?rest_route=\/wp\/v2\/posts\/2487\/revisions\/2496"}],"wp:attachment":[{"href":"https:\/\/radim.martynek.cz\/index.php?rest_route=%2Fwp%2Fv2%2Fmedia&parent=2487"}],"wp:term":[{"taxonomy":"category","embeddable":true,"href":"https:\/\/radim.martynek.cz\/index.php?rest_route=%2Fwp%2Fv2%2Fcategories&post=2487"},{"taxonomy":"post_tag","embeddable":true,"href":"https:\/\/radim.martynek.cz\/index.php?rest_route=%2Fwp%2Fv2%2Ftags&post=2487"}],"curies":[{"name":"wp","href":"https:\/\/api.w.org\/{rel}","templated":true}]}}