{"id":2713,"date":"2026-02-01T10:42:36","date_gmt":"2026-02-01T09:42:36","guid":{"rendered":"https:\/\/radim.martynek.cz\/?p=2713"},"modified":"2026-02-02T15:01:26","modified_gmt":"2026-02-02T14:01:26","slug":"razie-na-uradech-pokracuji","status":"publish","type":"post","link":"https:\/\/radim.martynek.cz\/?p=2713","title":{"rendered":"Razie na \u00fa\u0159adech pokra\u010duj\u00ed"},"content":{"rendered":"\n<p>S&nbsp;bl\u00ed\u017e\u00edc\u00edmi se komun\u00e1ln\u00edmi volbami v\u017edy doch\u00e1z\u00ed k&nbsp;n\u00e1r\u016fst\u016f vy\u0161et\u0159ov\u00e1n\u00ed \u00fa\u0159edn\u00edk\u016f a starost\u016f na m\u011bstsk\u00fdch \u00fa\u0159adech a na obc\u00edch. Rozjelo se ale i n\u011bkolik del\u0161\u00ed dobu p\u0159ipravovan\u00fdch kauz.<\/p>\n\n\n\n<p><a href=\"https:\/\/www.novinky.cz\/clanek\/krimi-starosta-lovosic-byl-obvinen-policie-ho-stiha-za-korupci-40543926\" target=\"_blank\" rel=\"noreferrer noopener\">Starosta a tajemn\u00edk byli obvin\u011bni ze zneu\u017eit\u00ed pravomoci \u00fa\u0159edn\u00ed osoby a podplacen\u00ed<\/a>. \u0160lo o odstupn\u00e9 v&nbsp;p\u0159\u00edpad\u011b rezignace. Ani jeden z&nbsp;trestn\u00fdch \u010din\u016f na v\u011bc p\u0159\u00edli\u0161 nesed\u00ed a p\u0159edpokl\u00e1d\u00e1m, \u017ee po p\u00e1r letech v\u011bc skon\u010d\u00ed zpro\u0161t\u011bn\u00edm, u\u017eij\u00ed si ale tahanice po soudech. <strong>Smluvn\u00ed odstupn\u00e9<\/strong> (nejde o odstupn\u00e9 dle z\u00e1kon\u00edku pr\u00e1ce \u2013 na to v&nbsp;p\u0159\u00edpad\u011b rezignace nem\u00e1 tajemn\u00edk nebo vedouc\u00ed pr\u00e1vo) <strong>nen\u00ed neobvykl\u00e9,<\/strong> pokud se pot\u0159ebujete vedouc\u00edho nebo i probl\u00e9mov\u00e9ho zam\u011bstnance zbavit \u2013 b\u00fdv\u00e1 vyu\u017e\u00edv\u00e1no i na \u00fa\u0159adech a nen\u00ed v&nbsp;rozporu se z\u00e1kon\u00edkem pr\u00e1ce. Tato kauza je tedy velmi znepokojiv\u00e1 pro praxi.<\/p>\n\n\n\n<p><a href=\"https:\/\/www.irozhlas.cz\/zpravy-domov\/sef-mestskeho-uradu-v-caslavi-se-dostal-do-funkce-podvodem-radnici-tak-pripravil_2601151524_hrk\" target=\"_blank\" rel=\"noreferrer noopener\">Na jin\u00e9m m\u011bst\u011b zp\u016fsobil tajemn\u00edk \u00fadajn\u011b \u0161kodu<\/a> t\u00edm, \u017ee u v\u00fdb\u011brov\u00e9ho \u0159\u00edzen\u00ed neuvedl pravdiv\u011b svou praxi. M\u011bstu pr\u00fd zp\u016fsobil \u0161kodu 6,2 milionu, proto\u017ee kv\u016fli nepravdiv\u00e9 praxi \u00fadajn\u011b dostal neopr\u00e1vn\u011bn\u011b funkci a plat. U\u017e prob\u011bhlo prvostup\u0148ov\u00e9 \u0159\u00edzen\u00ed a byl odsouzen. Pr\u00e1ci nicm\u00e9n\u011b odvedl, tak\u017ee za ni m\u011bl plat dostat (mo\u017en\u00e1 mohl prob\u011bhnout v\u00fdpo\u010det rozd\u00edlu platov\u00fdm stupn\u011bm na kter\u00fd m\u011bl n\u00e1rok, a t\u00edm, kter\u00fd mu starosta napsal. T\u011b\u017eko ale br\u00e1t jako \u0161kodu v\u0161echny platy, neb v&nbsp;kancel\u00e1\u0159i prokazateln\u011b byl. Druh\u00e9 kolo tedy m\u016f\u017ee b\u00fdt zaj\u00edmav\u00e9. Tajemn\u00edk dokonce <a href=\"https:\/\/arnika.org\/o-nas\/tiskove-zpravy\/firma-miliardare-kretinskeho-poskodila-mesto-temer-o-miliardu-to-s-ni-chce-spolupracovat-i-nadale\" target=\"_blank\" rel=\"noreferrer noopener\">z\u00edskal m\u011bstu miliardu odhalen\u00edm podvod\u016f se skl\u00e1dkou<\/a> \u2013 kauza tedy trochu smrd\u00ed (a nejen odpadem).<\/p>\n\n\n\n<p><a href=\"https:\/\/www.idnes.cz\/pardubice\/zpravy\/legalizace-chata-jevicko-zastupitel-cerna-pristavba-urednici-soud.A260108_152930_pardubice-zpravy_mvo\" target=\"_blank\" rel=\"noreferrer noopener\">\u00da\u0159edn\u00edci byli odsouzeni za legalizaci \u010dern\u00e9 stavby<\/a>. Vedouc\u00ed dal pokyn, referentky poslechly. \u010cast\u00e1 chyba, p\u0159ed kterou pravideln\u011b na \u0161kolen\u00edch varuji. I podm\u00ednka pro \u00fa\u0159edn\u00edky znamen\u00e1, \u017ee v&nbsp;pr\u00e1ci ve ve\u0159ejn\u00e9 spr\u00e1v\u011b kon\u010d\u00ed, p\u0159ijdou toti\u017e o tzv. bez\u00fahonnost a nemohou ji\u017e b\u00fdt \u00fa\u0159edn\u00edkem (\u00a7 4 odst. 2 z\u00e1k \u010d. 312\/2002 Sb., o \u00fa\u0159edn\u00edc\u00edch \u00fazemn\u00edch samospr\u00e1vn\u00fdch celk\u016f) a bude s nimi ukon\u010den pracovn\u00ed pom\u011br.<\/p>\n\n\n\n<p><strong>\u00da\u0159edn\u00edci na odboru dopravy<\/strong> byli obvin\u011bni za \u010dachry s&nbsp;\u0159idi\u010d\u00e1ky\/p\u0159estupky\/pokutami\/techni\u010d\u00e1ky \u2026. &nbsp;Dopl\u0148te si m\u011bstsk\u00fd \u00fa\u0159ad, magistr\u00e1t, \u00fa\u0159ad m\u011bstsk\u00e9 \u010d\u00e1sti, p\u0159\u00edpad\u016f bylo asi p\u011bt za p\u016fl roku. Pokud bych m\u011bl kter\u00e9mukoli tajemn\u00edkovi v\u011b\u0161tit, kdo z&nbsp;referent\u016f bude nejpravd\u011bpodobn\u011bji obvin\u011bn, bude to n\u011bkdo na dopravce.<\/p>\n\n\n\n<p><strong>A pak klasika, n\u011bkolik m\u011bst, \u00fazemn\u00edch obvod\u016f a m\u011bstsk\u00fdch \u010d\u00e1sti<\/strong> a \u010dachry s&nbsp;ve\u0159ejn\u00fdmi zak\u00e1zkami. Probl\u00e9m je, \u017ee v\u00fdb\u011brov\u00e9 komisi ob\u010das sed\u00ed i n\u011bkdo, o \u0161vindlu nev\u00ed, projde si ale vy\u0161et\u0159ov\u00e1n\u00edm s&nbsp;nimi.<\/p>\n\n\n\n<p><strong>Naopak l\u00e9pe se vyv\u00edj\u00ed kauza pro b\u00fdval\u00e9ho \u0159editele magistr\u00e1tu v&nbsp;Praze. <\/strong>Policie nezah\u00e1jila jeho st\u00edh\u00e1n\u00ed kv\u016fli parkovac\u00edm kart\u00e1m. Tam bude zaj\u00edmav\u00fd i spor o jeho odvol\u00e1n\u00ed z funkce, opravdu nen\u00ed moc strategick\u00e9, kdy\u017e prim\u00e1tor do m\u00e9di\u00ed p\u0159edem vyhla\u0161uje, \u017ee se jde radit na ministerstvo, jak \u0159editele odvolat.<\/p>\n\n\n\n<p>Mnoho kauz vypad\u00e1 medi\u00e1ln\u011b moc p\u011bkn\u011b. Ov\u0161em a\u017e 70 % trestn\u00edch \u0159\u00edzen\u00ed skon\u010d\u00ed zpro\u0161t\u011bn\u00edm starost\u016f a \u00fa\u0159edn\u00edk\u016f a velmi \u010dasto ne proto, \u017ee by se nepoda\u0159ilo v\u011bc dok\u00e1zat, ale dokonce konstatov\u00e1n\u00edm, \u017ee se skutek v\u016fbec nestal, ov\u0161em po letech b\u011bh\u00e1n\u00ed po soudech.<\/p>\n\n\n\n<p>Nep\u0159\u00edjemn\u00e9 je, kdy\u017e jste po soudech tah\u00e1ni kv\u016fli koleg\u016fm nebo pod\u0159\u00edzen\u00fdm. <strong>I kdy\u017e nic nesp\u00e1ch\u00e1te, vedouc\u00ed m\u00e1 kontrolovat \u010dinnost pod\u0159\u00edzen\u00fdch <\/strong>a \u010dasto se tak do soukol\u00ed dostane bez \u00famysln\u00e9ho zavin\u011bn\u00ed. A mo\u017enost\u00ed, co sp\u00e1chat nedbalostn\u011b nebo omylem, je pro \u00fa\u0159edn\u00edky a starosty tak\u00e9 hodn\u011b: b\u00fdt ve v\u00fdb\u011brov\u00e9 komisi, doporu\u010dit rad\u011b schv\u00e1lit smlouvu, p\u0159edlo\u017eit podklady zastupitelstvu, nest\u00edhat spr\u00e1vn\u00ed \u0159\u00edzen\u00ed, chybn\u011b prodat majetek obce. Mnoho p\u0159\u00edklad\u016f bylo v&nbsp;p\u0159edchoz\u00edm \u010dl\u00e1nku zde <a href=\"https:\/\/radim.martynek.cz\/?p=2578\" target=\"_blank\" rel=\"noreferrer noopener\">https:\/\/radim.martynek.cz\/?p=2578<\/a><\/p>\n\n\n\n<p><strong>P\u0159itom obvykle sta\u010d\u00ed n\u011bkolik preventivn\u00edch krok\u016f, znalost z\u00e1kona o obc\u00edch, spr\u00e1vn\u00e9 nastaven\u00ed formulac\u00ed, d\u00e1t si pozor na kl\u00ed\u010dov\u00e9 probl\u00e9my a kr\u00fdt si z\u00e1da.<\/strong><\/p>\n\n\n\n<p>Jak na to a co v\u0161e se m\u016f\u017ee st\u00e1t si m\u016f\u017eete nau\u010dit na na\u0161em nov\u00e9m semin\u00e1\u0159i, kter\u00e9 je zam\u011b\u0159eno nejen na rizika, ale i prevenci.<\/p>\n\n\n\n<p>Jde o speci\u00e1ln\u00ed \u0161kolen\u00ed se dv\u011bma lektory \u2013 dlouholet\u00fdm odborn\u00edkem na ve\u0159ejnou spr\u00e1vu a advok\u00e1tem specializuj\u00edc\u00edm se na trestn\u00ed pr\u00e1vo a ve\u0159ejnou spr\u00e1vu.<\/p>\n\n\n\n<p><strong>V&nbsp;prvn\u00ed \u010d\u00e1sti<\/strong>&nbsp;se nau\u010d\u00edte, jak spr\u00e1vn\u011b p\u0159ipravit podklady nebo projednat rizikov\u00e9 body, jak nakl\u00e1dat s&nbsp;majetkem, co m\u016f\u017eete sp\u00e1chat ne\u010dinnost\u00ed, omylem, opomenut\u00edm, podeps\u00e1n\u00edm dokumentu, \u00fa\u010dast\u00ed ve v\u00fdb\u011brov\u00e9 komisi, ne\u010dinnost\u00ed, na zased\u00e1n\u00ed, p\u0159edlo\u017een\u00edm podkladu do rady, rizikov\u00e1 nakl\u00e1d\u00e1n\u00ed s majetkem apod. Zjist\u00edte, kdy zav\u0159ou \u00fa\u0159edn\u00edka, kdy starostu a kdy \u00fa\u0159edn\u00edky, radn\u00ed i zastupitele spole\u010dn\u011b. Probereme i rizika odpov\u011bdnosti za \u0161kodu zp\u016fsobenou v&nbsp;pr\u00e1ci.<\/p>\n\n\n\n<p><strong>Ve druh\u00e9 \u010d\u00e1sti<\/strong>&nbsp;vysv\u011btl\u00ed advok\u00e1t, co m\u00e1te a nem\u00e1te d\u011blat v&nbsp;p\u0159\u00edpad\u011b, kdy aktivn\u00ed ob\u010dan nebo opozice pod\u00e1 trestn\u00ed ozn\u00e1men\u00ed, na \u00fa\u0159ad p\u0159ijde razie nebo jste pozv\u00e1ni k&nbsp;pod\u00e1n\u00ed vysv\u011btlen\u00ed, jak to chod\u00ed a co o\u010dek\u00e1vat.<\/p>\n\n\n\n<p>Vyzkou\u0161\u00edte si dokonce i <strong>modelov\u00fd policejn\u00ed v\u00fdslech<\/strong> a n\u00e1slednou anal\u00fdzu chyb a jak V\u00e1s to m\u016f\u017ee ohrozit.<\/p>\n\n\n\n<p>Z\u00edskan\u00e9 znalosti V\u00e1m mohou pomoci i v&nbsp;p\u0159\u00edpad\u011b probl\u00e9m\u016f mimo pr\u00e1ci, p\u0159i dopravn\u00ed nehod\u011b, nutn\u00e9 obran\u011b, probl\u00e9mov\u00e9 situaci.<\/p>\n\n\n\n<p>Semin\u00e1\u0159 je vhodn\u00fd pro vedouc\u00ed \u00fa\u0159edn\u00edky, tajemn\u00edky, starostu, radn\u00ed i zastupitele. (Nedoporu\u010dujeme jej ale pro opozici.) Detaily a objedn\u00e1vky na <a href=\"mailto:info@akademie-vzdelavani.cz\">info@akademie-vzdelavani.cz<\/a>, pop\u0159. <a href=\"https:\/\/download.akademie-vzdelavani.cz\/ppp.pdf\" target=\"_blank\" rel=\"noreferrer noopener\">v let\u00e1ku zde<\/a>.<\/p>\n\n\n\n<p>JUDr. Jan \u0160\u0165astn\u00fd, dlouholet\u00fd tajemn\u00edk<\/p>\n","protected":false},"excerpt":{"rendered":"<p>S&nbsp;bl\u00ed\u017e\u00edc\u00edmi se komun\u00e1ln\u00edmi volbami v\u017edy doch\u00e1z\u00ed k&nbsp;n\u00e1r\u016fst\u016f vy\u0161et\u0159ov\u00e1n\u00ed \u00fa\u0159edn\u00edk\u016f a starost\u016f na m\u011bstsk\u00fdch \u00fa\u0159adech a na obc\u00edch. Rozjelo se ale i n\u011bkolik del\u0161\u00ed dobu p\u0159ipravovan\u00fdch kauz. Starosta a tajemn\u00edk byli obvin\u011bni ze zneu\u017eit\u00ed pravomoci \u00fa\u0159edn\u00ed osoby a podplacen\u00ed. \u0160lo o odstupn\u00e9 v&nbsp;p\u0159\u00edpad\u011b rezignace. Ani jeden z&nbsp;trestn\u00fdch \u010din\u016f na v\u011bc p\u0159\u00edli\u0161 nesed\u00ed a p\u0159edpokl\u00e1d\u00e1m, \u017ee po&#8230;<\/p>\n","protected":false},"author":12,"featured_media":0,"comment_status":"open","ping_status":"","sticky":false,"template":"","format":"standard","meta":{"footnotes":""},"categories":[5],"tags":[],"class_list":["post-2713","post","type-post","status-publish","format-standard","hentry","category-z-prace"],"_links":{"self":[{"href":"https:\/\/radim.martynek.cz\/index.php?rest_route=\/wp\/v2\/posts\/2713","targetHints":{"allow":["GET"]}}],"collection":[{"href":"https:\/\/radim.martynek.cz\/index.php?rest_route=\/wp\/v2\/posts"}],"about":[{"href":"https:\/\/radim.martynek.cz\/index.php?rest_route=\/wp\/v2\/types\/post"}],"author":[{"embeddable":true,"href":"https:\/\/radim.martynek.cz\/index.php?rest_route=\/wp\/v2\/users\/12"}],"replies":[{"embeddable":true,"href":"https:\/\/radim.martynek.cz\/index.php?rest_route=%2Fwp%2Fv2%2Fcomments&post=2713"}],"version-history":[{"count":3,"href":"https:\/\/radim.martynek.cz\/index.php?rest_route=\/wp\/v2\/posts\/2713\/revisions"}],"predecessor-version":[{"id":2716,"href":"https:\/\/radim.martynek.cz\/index.php?rest_route=\/wp\/v2\/posts\/2713\/revisions\/2716"}],"wp:attachment":[{"href":"https:\/\/radim.martynek.cz\/index.php?rest_route=%2Fwp%2Fv2%2Fmedia&parent=2713"}],"wp:term":[{"taxonomy":"category","embeddable":true,"href":"https:\/\/radim.martynek.cz\/index.php?rest_route=%2Fwp%2Fv2%2Fcategories&post=2713"},{"taxonomy":"post_tag","embeddable":true,"href":"https:\/\/radim.martynek.cz\/index.php?rest_route=%2Fwp%2Fv2%2Ftags&post=2713"}],"curies":[{"name":"wp","href":"https:\/\/api.w.org\/{rel}","templated":true}]}}