{"id":277,"date":"2018-01-06T15:10:14","date_gmt":"2018-01-06T14:10:14","guid":{"rendered":"http:\/\/radim.martynek.cz\/?p=277"},"modified":"2018-02-11T12:53:57","modified_gmt":"2018-02-11T11:53:57","slug":"narozeniny","status":"publish","type":"post","link":"https:\/\/radim.martynek.cz\/?p=277","title":{"rendered":"Narozeniny"},"content":{"rendered":"<p style=\"text-align: center;\">D\u00e1my a p\u00e1nov\u00e9, p\u0159\u00e1tel\u00e9,<br \/>\npokud jste se dostali k tomuto p\u0159\u00edsp\u011bvku,<br \/>\nznamen\u00e1 to, \u017ee m\u00e1te v rukou pozv\u00e1nku na oslavu<br \/>\n<span style=\"color: #ccffff;\">t\u0159et\u00edho v\u00fdro\u010d\u00ed<\/span> m\u00fdch 37. narozenin. <span style=\"color: #ccffcc;\">Kdo na oslav\u011b<\/span><br \/>\n<span style=\"color: #ccffcc;\"> zm\u00edn\u00ed jinou \u010d\u00edslovku, bude bez alkoholu :)))<\/span><\/p>\n<p>Na \u0159\u00e1dc\u00edch n\u00ed\u017ee najdete bli\u017e\u0161\u00ed informace k chystan\u00e9 akci a j\u00e1 pevn\u011b v\u011b\u0159\u00edm, \u017ee se tam uvid\u00edm s ka\u017ed\u00fdm, kdo pozv\u00e1nku obdr\u017eel, proto\u017ee mezi pozvan\u00fdmi jsou lid\u00e9, kte\u0159\u00ed m\u011bli vliv na m\u00e9 dosp\u00edv\u00e1n\u00ed, \u017eivot i utv\u00e1\u0159en\u00ed si \u017eivotn\u00edch hodnot. Oslavencem tedy nebudu jen j\u00e1 \u2013 oslavenci budou v\u0161ichni&#8230;<\/p>\n<p><strong>M\u00edsto:<\/strong> hotel Rakovec, Rakoveck\u00e1 13, Brno-Bystrc, viz <a href=\"https:\/\/mapy.cz\/s\/2iKTQ\">https:\/\/mapy.cz\/s\/2iKTQ <\/a>(sjezd z D1: od Prahy sm\u011br Pop\u016fvky \u2013 od Vy\u0161kova sm\u011br Svitavy\/V\u00fdstavi\u0161t\u011b)<\/p>\n<p><strong>Term\u00edn: <\/strong>Spr\u00e1vn\u00e9 datum je <strong>sobota 07.04.2018,<\/strong> nikoliv 04.04.2018, jak je uvedeno na pozv\u00e1nce, kter\u00e1 V\u00e1m byla zasl\u00e1na. Jm\u00e9nem \u0160otka Tiska\u0159sk\u00e9ho, m\u00e9ho p\u0159\u00edtele, se omlouv\u00e1m za chybu.<\/p>\n<p><strong>Program:<br \/>\n<\/strong>14:00\u201315:00 \u00a0\u00a0 p\u0159\u00edchod host\u016f &amp; welcome drink &amp; mo\u017enost ubytov\u00e1n\u00ed<br \/>\n15:00\u201315:10 \u00a0\u00a0 \u00favodn\u00ed slovo<br \/>\n15:10\u201316:10 \u00a0\u00a0 Radim Uzel a jeho show<br \/>\n16:10\u201321:07 \u00a0\u00a0 oslava, slaven\u00ed, celebrace<br \/>\n21:07\u201300:37 \u00a0\u00a0 ne(z)\u0159\u00edzen\u00e1 z\u00e1bava<\/p>\n<p><strong>Doprovodn\u00fd program: <\/strong>karikaturista, kart\u00e1\u0159ka, foto koutek, z\u00e1bavn\u00e1 dra\u017eba, body painting, degustace ovocn\u00fdch v\u00edn, &#8230;<\/p>\n<p><strong>Pro inspiraci: <\/strong>d\u016fle\u017eit\u011bj\u0161\u00ed ne\u017e narozeninov\u00fd d\u00e1rek je pro m\u011b Va\u0161e\/va\u0161e p\u0159\u00edtomnost, mo\u017enost setk\u00e1n\u00ed se (s mnoh\u00fdmi po 25 letech), spole\u010dn\u00e9 sd\u00edlen\u00ed tohoto dne, &#8230;, a proto budu r\u00e1d, pokud se nebudete ohl\u00ed\u017eet na \u010das, u\u017eijete si ve\u010d\u00edrek a\u017e do konce, z\u016fstanete v hotelu p\u0159es noc a setk\u00e1me se u sn\u00eddan\u011b&#8230; \u017e\u00e1dn\u00fd d\u00e1rek nedok\u00e1\u017ee takov\u00e9 setk\u00e1n\u00ed vynahradit&#8230;<\/p>\n<p><strong>Ubytov\u00e1n\u00ed: <\/strong>rezervaci ubytov\u00e1n\u00ed ze soboty na ned\u011bli je mo\u017eno prov\u00e9st p\u0159\u00edmo v hotelu Rakovec telefonicky na 515 908 624 nebo e-mailem <a href=\"mailto:recepce@hotelrakovec.cz\">recepce@hotelrakovec.cz; <\/a><span style=\"color: #808080;\">v p\u0159\u00edpad\u011b napln\u011bn\u00ed kapacity je mo\u017eno vyu\u017e\u00edt <a href=\"http:\/\/www.resortsanton.cz\/cz\/hotel\/\">hotelu Santon<\/a> nebo <a href=\"http:\/\/www.maximus-resort.cz\/\">hotelu Maximus<\/a> (slu\u017eba Drink&amp;Drive bude z hotelu Rakovec zaji\u0161t\u011bna)<\/span><\/p>\n<p><strong>Dress code:<\/strong> smart casual \u2013 le\u017e\u00e9rn\u00ed, a p\u0159esto elegantn\u00ed (v\u00edce informac\u00ed na odkazech n\u00ed\u017ee)<\/p>\n<blockquote><p>V posledn\u00ed dob\u011b popul\u00e1rn\u00ed \u201esmart casual\u201c znamen\u00e1, \u017ee by od\u011bv m\u011bl b\u00fdt neform\u00e1ln\u00ed a p\u0159itom elegantn\u00ed. Jde o dress code, kter\u00fd nem\u00e1 tak striktn\u00ed pravidla jako nap\u0159\u00edklad tradi\u010dn\u011bj\u0161\u00ed \u201eblack tie\u201c a \u201ewhite tie\u201c.<br \/>\nZdroj: <a href=\"https:\/\/ona.idnes.cz\/dress-code-smart-casual-0va-\/modni-trendy.aspx?c=A141125_153552_modni-trendy_brv\">https:\/\/ona.idnes.cz\/dress-code-smart-casual-0va-\/modni-trendy.aspx?c=A141125_153552_modni-trendy_brv<\/a><\/p>\n<p>Co znamen\u00e1 Smart Casual dnes? V\u00a0podstat\u011b cokoliv form\u00e1ln\u011bj\u0161\u00edho ne\u017e oble\u010den\u00ed do fitka, ale m\u00e9n\u011b form\u00e1ln\u00edho ne\u017e oblek. \u00dapln\u011b nejz\u00e1kladn\u011bj\u0161\u00ed outfit by tak byl neform\u00e1ln\u00ed blazer, b\u00edl\u00e1 ko\u0161ile, minimalistick\u00e9 tmav\u011b modr\u00e9 d\u017e\u00edny (rozum\u011bj, \u017e\u00e1dn\u00e9 d\u00edry a od\u0159en\u00e1 kolena) a hn\u011bd\u00e9 mokas\u00edny.<\/p>\n<p>Zdroj: <a href=\"http:\/\/www.muzivcesku.cz\/pruvodce-vse-potrebujete-vedet-smart-casual\/\">http:\/\/www.muzivcesku.cz\/pruvodce-vse-potrebujete-vedet-smart-casual\/<\/a><\/p>\n<p>Vemte si blejzr (sportovn\u00ed sako) a zbytek je na v\u00e1s. Klidn\u011b rozhalenku, klidn\u011b n\u011bjak\u00e9ho stylov\u00e9ho mot\u00fdlka, klidn\u011b bavln\u011bnou kravatu. Klidn\u011b \u00fazk\u00e9 tmav\u0161\u00ed d\u017e\u00edny. Klidne chinosky. Klidn\u011b ko\u017een\u00e9 boty \u2013 t\u0159eba double monky s dv\u011bma p\u0159ezkami.<\/p>\n<p>Zdroj: <a href=\"http:\/\/milanpolak.cz\/dress-code-zakladni-druhy\/\">http:\/\/milanpolak.cz\/dress-code-zakladni-druhy\/<\/a><\/p>\n<p>A kdyby t\u00e1paly i d\u00e1my, tak n\u00e1pov\u011bdu najdou na <a href=\"http:\/\/www.zenysro.cz\/blogy\/moda-a-styl\/na-pozvance-stoji-smart-casual-co-si-mam-oblect-a-neslapnout-vedle\">http:\/\/www.zenysro.cz\/blogy\/moda-a-styl\/na-pozvance-stoji-smart-casual-co-si-mam-oblect-a-neslapnout-vedle<\/a>.<\/p><\/blockquote>\n<p><strong>Pozv\u00e1nka plat\u00ed pro 2 osoby.<\/strong> Svou \u00fa\u010dast potvr\u010fte pros\u00edm e-mailem na <a href=\"mailto:narozeniny@martynek.cz\">narozeniny@martynek.cz<\/a>.<\/p>\n<p>&nbsp;<\/p>\n","protected":false},"excerpt":{"rendered":"<p>D\u00e1my a p\u00e1nov\u00e9, p\u0159\u00e1tel\u00e9, pokud jste se dostali k tomuto p\u0159\u00edsp\u011bvku, znamen\u00e1 to, \u017ee m\u00e1te v rukou pozv\u00e1nku na oslavu t\u0159et\u00edho v\u00fdro\u010d\u00ed m\u00fdch 37. narozenin. Kdo na oslav\u011b zm\u00edn\u00ed jinou \u010d\u00edslovku, bude bez alkoholu :))) Na \u0159\u00e1dc\u00edch n\u00ed\u017ee najdete bli\u017e\u0161\u00ed informace k chystan\u00e9 akci a j\u00e1 pevn\u011b v\u011b\u0159\u00edm, \u017ee se tam uvid\u00edm s ka\u017ed\u00fdm, kdo&#8230;<\/p>\n","protected":false},"author":10,"featured_media":0,"comment_status":"open","ping_status":"open","sticky":false,"template":"","format":"standard","meta":{"footnotes":""},"categories":[4],"tags":[],"class_list":["post-277","post","type-post","status-publish","format-standard","hentry","category-ze-zivota"],"_links":{"self":[{"href":"https:\/\/radim.martynek.cz\/index.php?rest_route=\/wp\/v2\/posts\/277","targetHints":{"allow":["GET"]}}],"collection":[{"href":"https:\/\/radim.martynek.cz\/index.php?rest_route=\/wp\/v2\/posts"}],"about":[{"href":"https:\/\/radim.martynek.cz\/index.php?rest_route=\/wp\/v2\/types\/post"}],"author":[{"embeddable":true,"href":"https:\/\/radim.martynek.cz\/index.php?rest_route=\/wp\/v2\/users\/10"}],"replies":[{"embeddable":true,"href":"https:\/\/radim.martynek.cz\/index.php?rest_route=%2Fwp%2Fv2%2Fcomments&post=277"}],"version-history":[{"count":23,"href":"https:\/\/radim.martynek.cz\/index.php?rest_route=\/wp\/v2\/posts\/277\/revisions"}],"predecessor-version":[{"id":306,"href":"https:\/\/radim.martynek.cz\/index.php?rest_route=\/wp\/v2\/posts\/277\/revisions\/306"}],"wp:attachment":[{"href":"https:\/\/radim.martynek.cz\/index.php?rest_route=%2Fwp%2Fv2%2Fmedia&parent=277"}],"wp:term":[{"taxonomy":"category","embeddable":true,"href":"https:\/\/radim.martynek.cz\/index.php?rest_route=%2Fwp%2Fv2%2Fcategories&post=277"},{"taxonomy":"post_tag","embeddable":true,"href":"https:\/\/radim.martynek.cz\/index.php?rest_route=%2Fwp%2Fv2%2Ftags&post=277"}],"curies":[{"name":"wp","href":"https:\/\/api.w.org\/{rel}","templated":true}]}}