{"id":301,"date":"2018-02-01T15:42:22","date_gmt":"2018-02-01T14:42:22","guid":{"rendered":"http:\/\/radim.martynek.cz\/?p=301"},"modified":"2018-02-01T15:43:11","modified_gmt":"2018-02-01T14:43:11","slug":"karma-je-zdarma","status":"publish","type":"post","link":"https:\/\/radim.martynek.cz\/?p=301","title":{"rendered":"Karma je zdarma :)"},"content":{"rendered":"<p>P\u0159ed lety jsem se setk\u00e1val s\u00a0jedn\u00edm gener\u00e1ln\u00edm \u0159editelem jedn\u00e9 obrovsk\u00e9 st\u00e1tn\u00ed instituce. Jedn\u00e1n\u00ed to byla p\u0159\u00edjemn\u00e1, korektn\u00ed, velmi obohacuj\u00edc\u00ed, ale ze zak\u00e1zky nakonec nic nebylo. Nezanev\u0159el jsem na n\u011bj a na V\u00e1noce jsem mu v\u017edy poslal PFko. Kdy\u017e byl pak <strong>N\u011aK\u00ddM<\/strong> vyhozen a skon\u010dil na malinkat\u00e9m \u00fa\u0159ad\u011b jako referent, stejn\u011b jsem ho nav\u0161t\u00edvil s\u00a0d\u00e1rkov\u00fdm ko\u0161em, abych mu zlep\u0161il n\u00e1ladu. V\u011bd\u011bl jsem, \u017ee pro m\u011b nic nem\u016f\u017ee ud\u011blat, p\u0159esto byl v\u017edy pot\u011b\u0161en z\u00a0p\u0159\u00e1n\u00ed k\u00a0Valent\u00fdnu, k\u00a0Velikonoc\u016fm i k\u00a0N\/nov\u00e9mu roku.<\/p>\n<p style=\"padding-left: 30px;\">Star\u00e9 p\u0159\u00edslov\u00ed \u0159\u00edk\u00e1, \u017ee nahoru po kari\u00e9rn\u00edm \u017eeb\u0159\u00edku ti nikdo nepom\u016f\u017ee, ale na cestu dol\u016f se najde spousta \u201edobrotivc\u016f\u201c. Inu, dostat se nahoru je opravdu t\u011b\u017ek\u00e9 \u2013 chce to p\u00edli, energii, odhodl\u00e1n\u00ed, c\u00edlev\u011bdomost a uv\u011bdom\u011bn\u00ed si, \u017ee <strong>p\u00e1d na hubu je taky pohybem kup\u0159edu.<\/strong> Jde jen o to zvednout se a j\u00edt d\u00e1l. Ale ve v\u00fd\u010dtu chyb\u00ed je\u0161t\u011b jedna polo\u017eka: \u00facta k\u00a0lidem.<\/p>\n<p style=\"padding-left: 30px;\">Kr\u00e1sn\u00e9 p\u0159\u00edslov\u00ed \u0159\u00edk\u00e1, \u017ee <strong>gentleman je \u010dlov\u011bk, kter\u00fd se chov\u00e1 slu\u0161n\u011b i k\u00a0lidem, kter\u00e9 nepot\u0159ebuje.<\/strong> Ale pro\u010d to vztahovat jen na gentlemany. Od mali\u010dka m\u011b u\u010dili, <strong>abych se choval k\u00a0lidem tak, jak chci, aby se chovali oni ke mn\u011b.<\/strong> V\u00a0\u017eivot\u011b jsem tak potkal \u0159adu lid\u00ed, kte\u0159\u00ed se ke mn\u011b chovali slu\u0161n\u011b, kdy\u017e n\u011bco pot\u0159ebovali, ale kte\u0159\u00ed se oto\u010dili z\u00e1dy, kdy\u017e u\u017e jsem jim nebyl k\u00a0ni\u010demu dobr\u00fd. Stejn\u011b tak jsem potk\u00e1val lidi, ke kter\u00fdm jsem se choval slu\u0161n\u011b, ale oni ke mn\u011b jako k\u00a0tomu posledn\u00edmu. (A ruku na srdce: Stalo se mi, \u017ee jsem se nechoval hezky k\u00a0lidem, kte\u0159\u00ed to mysleli se mnou dob\u0159e. Ale i to bylo pro m\u011b ponau\u010den\u00ed.)<\/p>\n<p>Ned\u00e1vno se onen referent dostal na \u00da\u0159ad vl\u00e1dy na m\u00edsto onoho <strong>N\u011aKOHO,<\/strong> kdo ho tehdy vyrazil, a\u00a0zast\u00e1v\u00e1 tam funkci velk\u00e9ho zv\u00ed\u0159ete (v pracovn\u00ed smlouv\u011b to m\u00e1 doslova naps\u00e1no: velk\u00fd zv\u00ed\u0159e :) A\u00a0h\u00e1dejte, komu zavolal jako prvn\u00edmu, \u017ee ho chce vid\u011bt\u2026 M\u00e9 o\u010dek\u00e1v\u00e1n\u00ed je jedin\u00e9: vtrhnout do jeho kancel\u00e1\u0159e, zvolat KARMA JE ZDARMA a str\u00e1vit p\u0159\u00edjemn\u00fdch 57\u00a0minut v\u00a0jeho spole\u010dnosti u \u0161\u00e1lku k\u00e1vy se l\u017ei\u010dkou lhostejno, zda z\u00a0toho bude n\u011bjak\u00e1 zak\u00e1zka.<\/p>\n<p>A proto d\u011blejme dobr\u00e9 skutky:<\/p>\n<ul>\n<li>jen tak zavolejte \u2013 m\u00e1m\u011b, d\u011bdovi, br\u00e1chovi \u2013 investujete sv\u016fj \u010das tedy to nejv\u00edc, co v\u00a0\u017eivot\u011b m\u00e1te<\/li>\n<li>sd\u00edlejte svou radost \u2013 co v\u00e1s nadchlo, nakoplo, rozesm\u00e1lo \u2013 inspirujte ostatn\u00ed<\/li>\n<li>d\u011blejte v\u011bci nezi\u0161tn\u011b \u2013 pus\u0165te n\u011bkoho sednout, dejte p\u0159ednost mamince s d\u011btmi na p\u0159echodu, p\u0159ivolejte v\u00fdtah star\u00e9 pan\u00ed<\/li>\n<\/ul>\n<p>a to nejd\u016fle\u017eit\u011bj\u0161\u00ed<\/p>\n<ul>\n<li>usm\u00edvejte se na sebe \u2013 usm\u00edvejte se na ostatn\u00ed (u pokladny v\u00a0supermarketu, na chodn\u00edku, na chodb\u011b)<\/li>\n<\/ul>\n<p>\u00dasm\u011bv je zvl\u00e1\u0161tn\u00ed, proto\u017ee je levn\u011bj\u0161\u00ed ne\u017e elekt\u0159ina a p\u0159itom d\u00e1v\u00e1 mnohem v\u00edce sv\u011btla.<\/p>\n<p>Radim<\/p>\n","protected":false},"excerpt":{"rendered":"<p>P\u0159ed lety jsem se setk\u00e1val s\u00a0jedn\u00edm gener\u00e1ln\u00edm \u0159editelem jedn\u00e9 obrovsk\u00e9 st\u00e1tn\u00ed instituce. Jedn\u00e1n\u00ed to byla p\u0159\u00edjemn\u00e1, korektn\u00ed, velmi obohacuj\u00edc\u00ed, ale ze zak\u00e1zky nakonec nic nebylo. Nezanev\u0159el jsem na n\u011bj a na V\u00e1noce jsem mu v\u017edy poslal PFko. Kdy\u017e byl pak N\u011aK\u00ddM vyhozen a skon\u010dil na malinkat\u00e9m \u00fa\u0159ad\u011b jako referent, stejn\u011b jsem ho nav\u0161t\u00edvil s\u00a0d\u00e1rkov\u00fdm ko\u0161em,&#8230;<\/p>\n","protected":false},"author":10,"featured_media":0,"comment_status":"open","ping_status":"open","sticky":false,"template":"","format":"standard","meta":{"footnotes":""},"categories":[4],"tags":[],"class_list":["post-301","post","type-post","status-publish","format-standard","hentry","category-ze-zivota"],"_links":{"self":[{"href":"https:\/\/radim.martynek.cz\/index.php?rest_route=\/wp\/v2\/posts\/301","targetHints":{"allow":["GET"]}}],"collection":[{"href":"https:\/\/radim.martynek.cz\/index.php?rest_route=\/wp\/v2\/posts"}],"about":[{"href":"https:\/\/radim.martynek.cz\/index.php?rest_route=\/wp\/v2\/types\/post"}],"author":[{"embeddable":true,"href":"https:\/\/radim.martynek.cz\/index.php?rest_route=\/wp\/v2\/users\/10"}],"replies":[{"embeddable":true,"href":"https:\/\/radim.martynek.cz\/index.php?rest_route=%2Fwp%2Fv2%2Fcomments&post=301"}],"version-history":[{"count":2,"href":"https:\/\/radim.martynek.cz\/index.php?rest_route=\/wp\/v2\/posts\/301\/revisions"}],"predecessor-version":[{"id":303,"href":"https:\/\/radim.martynek.cz\/index.php?rest_route=\/wp\/v2\/posts\/301\/revisions\/303"}],"wp:attachment":[{"href":"https:\/\/radim.martynek.cz\/index.php?rest_route=%2Fwp%2Fv2%2Fmedia&parent=301"}],"wp:term":[{"taxonomy":"category","embeddable":true,"href":"https:\/\/radim.martynek.cz\/index.php?rest_route=%2Fwp%2Fv2%2Fcategories&post=301"},{"taxonomy":"post_tag","embeddable":true,"href":"https:\/\/radim.martynek.cz\/index.php?rest_route=%2Fwp%2Fv2%2Ftags&post=301"}],"curies":[{"name":"wp","href":"https:\/\/api.w.org\/{rel}","templated":true}]}}