{"id":391,"date":"2019-09-16T06:43:09","date_gmt":"2019-09-16T05:43:09","guid":{"rendered":"http:\/\/radim.martynek.cz\/?p=391"},"modified":"2021-06-13T09:39:11","modified_gmt":"2021-06-13T08:39:11","slug":"kdo-chce-hleda-zpusoby-kdo-nechce-hleda-duvody","status":"publish","type":"post","link":"https:\/\/radim.martynek.cz\/?p=391","title":{"rendered":"Kdo chce, hled\u00e1 zp\u016fsoby, kdo nechce, hled\u00e1 d\u016fvody"},"content":{"rendered":"\n<p>Spousty lid\u00ed \u2013 podle posledn\u00edch z\u00e1znam\u016f \u010cesk\u00e9ho statistick\u00e9ho \u00fa\u0159adu to je 6&nbsp;758&nbsp;885 \u2013 tou\u017e\u00ed ve sv\u00e9m \u017eivot\u011b po n\u011bjak\u00e9 zm\u011bn\u011b, ale ani ne desetina pro tu zm\u011bnu n\u011bco ud\u011bl\u00e1. V&nbsp;\u010dervnov\u00e9m \u010d\u00edsle <a href=\"http:\/\/www.akademie-vzdelavani.cz\/download\/02_2019.pdf\">Nev\u0161edn\u00edku<\/a> na stran\u011b 4 jsem V\u00e1s vyzval, abyste si vyplnili do tabulky sv\u00e1 p\u0159\u00e1n\u00ed, touhy a sny\u2026 Je \u010das si tabulku vz\u00edt do ruky.<\/p>\n\n\n\n<p class=\"has-text-align-center\">Chcete zhubnout? <br><strong>CO JSTE PRO TO DNES UD\u011aLALI?  <\/strong><br>Zdl\u00e1bli jste sacharidy narvanou ty\u010dinku nebo v\u00edno\/pivo na ex?<\/p>\n\n\n\n<p class=\"has-text-align-center\">Chcete se nau\u010dit ciz\u00ed jazyk?  <br><strong>CO JSTE PRO TO DNES UD\u011aLALI? <\/strong><br>U\u017e 327x jste minuli knihkupectv\u00ed s u\u010debnic\u00ed pro samouky?<\/p>\n\n\n\n<p class=\"has-text-align-center\">Chcete si na\u0161et\u0159it na vysn\u011bnou dovolenou?  <br><strong>CO JSTE PRO TO DNES UD\u011aLALI?<\/strong> <br>Zase jste koupili lapa\u010d prachu nebo jin\u00fd nesmysl?<\/p>\n\n\n\n<p class=\"has-text-align-center\">Chcete lep\u0161\u00ed pr\u00e1ci?  <br><strong>CO JSTE PRO TO DNES UD\u011aLALI?<\/strong> <br>Znova jste na chodb\u011b poslali sv\u00e9ho \u0161\u00e9fa do&#8230;, m\u00edsto abyste se porozhl\u00e9dli po jin\u00e9 pr\u00e1ci?<\/p>\n\n\n\n<p class=\"has-text-align-center\">Hled\u00e1te l\u00e1sku?  <br><strong>CO JSTE PRO TO DNES UD\u011aLALI? <\/strong><br>A p\u0159esto jste tu sympa\u0165andu odnaproti je\u0161t\u011b nikam nepozvali?<\/p>\n\n\n\n<p>Zvl\u00e1dli byste ud\u011blat 397\nklik\u016f za den? A co se nau\u010dit 997 nov\u00fdch slov\u00ed\u010dek? Ne v\u010dera \u2013 ne z\u00edtra \u2013 ale\nDNES je nezbytn\u011b d\u016fle\u017eit\u00e9 ud\u011blat prvn\u00ed krok, proto\u017ee C\u00cdL, po kter\u00e9m tou\u017e\u00edme,\nnen\u00ed ni\u010d\u00edm jin\u00fdm ne\u017e mno\u017einou KROK\u016e k&nbsp;n\u011bmu vedouc\u00edm. Dnes a denn\u011b \u2013 tedy\nt\u00fddnot\u00fddn\u011b \u2013 sl\u00fdch\u00e1v\u00e1m od kamar\u00e1d\u016f, p\u0159\u00e1tel, klient\u016f, \u2026, jak by cht\u011bli toto a\ntamto a taky vono a jednou i to \u2013 ano, p\u0159esn\u011b to. A kdy\u017e se jich zept\u00e1m, co pro\nto ud\u011blali, \u0159eknou, \u017ee dnes maj\u00ed spoustu pr\u00e1ce\u2026 minul\u00fd t\u00fdden m\u011bli taky spoustu\npr\u00e1ce\u2026 p\u0159ed m\u011bs\u00edcem m\u011bli V\u00e1noce\u2026 a \u017ee se k&nbsp;tomu ur\u010dit\u011b dostanou\nv&nbsp;p\u0159\u00ed\u0161t\u00edm t\u00fddnu nebo nejpozd\u011bji v&nbsp;tom p\u0159esp\u0159\u00ed\u0161t\u00edm \u2013 hned po tom, co\nnakoup\u00ed na dal\u0161\u00ed V\u00e1noce. Kdy\u017e se jich po m\u011bs\u00edci zept\u00e1m, kolik\u00e1tou lekci kurzu\npsan\u00ed v\u0161emi deseti nebo kurzu angli\u010dtiny maj\u00ed za sebou, spolehliv\u011b najdou\nd\u016fvod, pro kter\u00fd se k&nbsp;tomu nemohli dostat. Divn\u00e9. <\/p>\n\n\n\n<p>Zbyn\u011bk Ml\u010doch ve sv\u00e9m fejetonu<a href=\"#_ftn1\">[1]<\/a> \u0159\u00edk\u00e1: <\/p>\n\n\n\n<p><em>P\u0159edstavte si, \u017ee V\u00e1m ka\u017ed\u00e9 r\u00e1no d\u00e1 banka na \u00fa\u010det 86.400 K\u010d. Mus\u00edte jen dodr\u017eet dv\u011b podm\u00ednky.&nbsp;Prvn\u00ed je, \u017ee co jste p\u0159es den neutratili, na konci dne z \u00fa\u010dtu zmiz\u00ed. Nem\u016f\u017eete lh\u00e1t, nem\u016f\u017eete tu \u010d\u00e1stku p\u0159ev\u00e9st na jin\u00fd \u00fa\u010det, m\u016f\u017eete ji pouze utratit, ale ka\u017ed\u00e9 r\u00e1no, kdy\u017e se vzbud\u00edte, m\u00e1te otev\u0159en\u00fd nov\u00fd \u00fa\u010det s dal\u0161\u00edmi 86.400 K\u010d na nov\u00fd den.<\/em><\/p>\n\n\n\n<p><em>Druh\u00e1 podm\u00ednka je, \u017ee banka m\u016f\u017ee tuto \u201ehru\u201c p\u0159eru\u0161it bez varov\u00e1n\u00ed; v kteroukoli chv\u00edli V\u00e1m m\u016f\u017ee \u0159\u00edct, \u017ee je konec, \u017ee \u00fa\u010det se ru\u0161\u00ed a jin\u00fd u\u017e nebude. Co ud\u011bl\u00e1te? Podle m\u011b <\/em><strong><em>minete ka\u017edou korunu pro sv\u00e9 pot\u011b\u0161en\u00ed a na d\u00e1rky pro lidi, kter\u00e9 m\u00e1te r\u00e1di.<\/em><\/strong><em> Pou\u017eijete ka\u017edou korunu vlastn\u011b na to, abyste vnesli \u0161t\u011bst\u00ed do sv\u00e9ho \u017eivota a do \u017eivota t\u011bch, kte\u0159\u00ed V\u00e1s obklopuj\u00ed.<\/em><\/p>\n\n\n\n<p><em>Tato z\u00e1zra\u010dn\u00e1 banka skute\u010dn\u011b existuje a m\u00e1 ji ka\u017ed\u00fd z n\u00e1s: je to \u010das. Ka\u017ed\u00e9 r\u00e1no, kdy\u017e se vzbud\u00edme, dost\u00e1v\u00e1me darem dal\u0161\u00edch 86&nbsp;400 sekund \u017eivota na ten den. A kdy\u017e ve\u010der usneme, do druh\u00e9ho dne se nic nep\u0159evede. Co jsme v ten den neza\u017eili a neud\u011blali, je ztraceno. Ka\u017ed\u00e9 r\u00e1no za\u010d\u00edn\u00e1 tento z\u00e1zrak znovu.<\/em><\/p>\n\n\n\n<p><em>Plat\u00ed v\u0161ak i druh\u00e1 podm\u00ednka: \u017eivot se m\u016f\u017ee kdykoliv zastavit&#8230; <\/em><\/p>\n\n\n\n<p><em>Tak tedy co ud\u011bl\u00e1me s na\u0161imi ka\u017edodenn\u00edmi osmdes\u00e1ti \u0161esti tis\u00edci \u010dty\u0159mi sty sekundami? Z\u00e1le\u017e\u00ed jen na n\u00e1s&#8230;<\/em><\/p>\n\n\n\n<p><strong>V&nbsp;srpnu 2016<\/strong> jsem odjel jako\nturistick\u00fd panic do Alp zakusit kouzlo ferrat<a href=\"#_ftn2\">[2]<\/a>,\no kter\u00fdch v\u0161ichni b\u00e1snili. Ferrata nen\u00ed nic jin\u00e9ho ne\u017e sk\u00e1la po n\u00ed\u017e vede ocelov\u00e9\nlano, na kter\u00e9m se lezec jist\u00ed (na rozd\u00edl od horolezectv\u00ed). Do t\u00e9 doby jsem\nb\u00fdval hostem pouze 5hv\u011bzdi\u010dkov\u00fdch hotel\u016f a pot na k\u016f\u017ei poc\u00edtil pouze\nv&nbsp;saun\u011b. P\u0159i zl\u00e9z\u00e1n\u00ed (v\u00fdjime\u010dn\u011b i&nbsp;sl\u00e9z\u00e1n\u00ed) se V\u00e1m pot\u00ed i ta m\u00edsta, o\nkter\u00fdch v\u016fbec netu\u0161\u00edte, \u017ee maj\u00ed potn\u00ed \u017el\u00e1zy (tyto \u017el\u00e1zy jsou v\u0161ude krom\u011b nehtov\u00e9ho\nl\u016f\u017eka, \u010derven\u011b rt\u016f a \u010d\u00e1st\u00ed genit\u00e1li\u00ed). Nevadilo mi to \u2013 u\u017e\u00edval jsem si\nadrenalin p\u0159i ka\u017ed\u00e9m kroku, kter\u00fd mus\u00edm na sk\u00e1le pe\u010dliv\u011b napl\u00e1novat. Kdy\u017e ho\nnenapl\u00e1nuji, rozbiju si \u010dum\u00e1k o sk\u00e1lu.<\/p>\n\n\n\n<p>A\u017e jsme se ocitli\ns&nbsp;dal\u0161\u00edmi p\u011bti lezci a instruktorem v&nbsp;Postalmklamm nedaleko Salzburgu\npod sk\u00e1lou, kter\u00e1 se honos\u00ed nejt\u011b\u017e\u0161\u00ed zaji\u0161t\u011bnou cestou ozna\u010denou na \u0161k\u00e1le A a\u017e\nF p\u00edsmenem F (jako Fakt-t\u011b\u017ek\u00e9 \u2013 viz odkaz na video n\u00ed\u017ee). Instruktor sk\u00e1lu\nzdolal, naho\u0159e provl\u00e9kl lano a slanil k&nbsp;n\u00e1m. Zajistil po(s)tupn\u011b ka\u017ed\u00e9ho\nz&nbsp;lezc\u016f karabinou pro p\u0159\u00edpad, \u017ee by cestu nahoru nezvl\u00e1dl a musel b\u00fdt\nspu\u0161t\u011bn. Nikdo z&nbsp;p\u011bti st\u0159edn\u011b pokro\u010dil\u00fdch lezc\u016f nevylezl ani do poloviny.\nJ\u00e1 to ani nezkou\u0161el. Nebyl d\u016fvod \u2013 n\u011bkte\u0159\u00ed kolegov\u00e9 m\u011bli biceps jako j\u00e1 stehno\n\u2013 co bych tam asi tak d\u011blal? <\/p>\n\n\n\n<p>Nicm\u00e9n\u011b ta sk\u00e1la mi\nutkv\u011bla v&nbsp;pam\u011bti a j\u00e1 se do n\u00ed zamiloval. Byla to v\u00fdzva, kterou jsem cht\u011bl\nzdolat. Dva roky jsem na ni myslel a od \u010dervna 2018 jsem za\u010dal <strong>aktivn\u011b<\/strong> sportovat, abych se na sk\u00e1lu <strong>v&nbsp;srpnu 2018<\/strong> mohl vydat. Ka\u017ed\u00fd den\njsem m\u011bl bu\u010f badminton, squash, b\u011bh, posilovnu nebo dom\u00e1c\u00ed tr\u00e9nink. Za\u010dal jsem\nj\u00edst zdrav\u011b(ji), eliminoval p\u0159\u00edli\u0161 tu\u010dn\u00e9 a p\u0159\u00edli\u0161 sladk\u00e9 potraviny a za\u010d\u00ednal\nc\u00edtit s\u00edlu v&nbsp;rukou. Prvn\u00ed shyb jsem ud\u011blal po 15 dnech cvi\u010den\u00ed\u2026 A pak\ndal\u0161\u00ed\u2026 a dal\u0161\u00ed\u2026 Celkem t\u0159i\u2026<\/p>\n\n\n\n<p>V&nbsp;srpnu 2018 jsem se\npod sk\u00e1lou opravdu objevil \u2013 p\u0159ipraven\u00fd, odhodlan\u00fd, beze strachu, ale\ns&nbsp;velk\u00fdm respektem k p\u0159\u00edrod\u011b. Bez d\u00e1vky b\u00e1zn\u011b nen\u00ed radno k&nbsp;nejt\u011b\u017e\u0161\u00ed\nsk\u00e1le Alp p\u0159istupovat. Nicm\u00e9n\u011b, po\u010das\u00ed n\u00e1m v\u00fdstup znemo\u017enilo a dva m\u011bs\u00edce p\u0159\u00edprav\nbyly vyhozenou investic\u00ed. V&nbsp;tu chv\u00edli se spousta lid\u00ed sezn\u00e1mila\ns&nbsp;barvitost\u00ed a \u0161\u00ed\u0159\u00ed m\u00e9 slovn\u00ed z\u00e1soby.<\/p>\n\n\n\n<p><em>Je 24.01.2019 a j\u00e1 p\u00ed\u0161u tento \u010dl\u00e1nek s&nbsp;v\u011bdom\u00edm, \u017ee vyjde v&nbsp;z\u00e1\u0159\u00ed. Ka\u017ed\u00fdch patn\u00e1ct minut se rozezvon\u00ed na mobilu bud\u00edk a&nbsp;j\u00e1 jdu k&nbsp;zemi a d\u011bl\u00e1m kliky do strh\u00e1n\u00ed sval\u016f a zji\u0161\u0165uji, \u017ee nen\u00ed probl\u00e9m jich ud\u011blat 400 za den. Obden chod\u00edm do posilovny a zase j\u00edm o chlup zdrav\u011bji, abych mohl 03.08.2019 \u2013 tedy t\u00e9m\u011b\u0159 t\u0159i roky od prvn\u00edho sezn\u00e1men\u00ed \u2013 zdolat sk\u00e1lu, kterou nikdo v&nbsp;roce 2016 nezdolal.<\/em><\/p>\n\n\n\n<p>B\u011bhem 8 let na z\u00e1kladn\u00ed \u0161kole jsem nebyl\nschopen ud\u011blat jedin\u00fd klik, jedin\u00fd shyb nebo vy\u0161plhat na lano\/ty\u010d. Nebyl\nschopen? Byl jsem L\u00cdN\u00dd se to nau\u010dit. Dnes v\u00edm, \u017ee sta\u010d\u00ed n\u011bkolik dn\u00ed tr\u00e9novat a\nkliky\/shyby V\u00e1m jdou samy. Je to jako s&nbsp;jazykem, s&nbsp;hubnut\u00edm, se\nseznamov\u00e1n\u00edm se, \u2026<\/p>\n\n\n\n<p><strong>Pointa?<\/strong> Bude chl\u00e9b levn\u011bj\u0161\u00ed? Mohl bych sed\u011bt doma na gau\u010di a p\u00edt daikiri, p\u0159epadnout kino\nnebo sbalit ru\u010dn\u00edk, buchtu a j\u00edt na koupali\u0161t\u011b sbalit n\u011bjakou buchtu. Kv\u016fli\n3minutov\u00e9mu zdol\u00e1n\u00ed n\u011bjak\u00e9 sk\u00e1ly, kter\u00e1 v&nbsp;Alp\u00e1ch stoj\u00ed tis\u00edce let a dal\u0161\u00ed\ntis\u00edce let tam st\u00e1t bude, investuji des\u00edtky hodin do p\u0159\u00edprav. <strong>Kdy\u017e ji zvl\u00e1dnu\u2026 nic se pro m\u011b ne(z)m\u011bn\u00ed\u2026<\/strong>\nbudu to po\u0159\u00e1d stejn\u00fd j\u00e1\u2026 Kdy\u017e ji nezvl\u00e1dnu\u2026 tak ani tento \u010dl\u00e1nek \u010d\u00edst nebudete,\nproto\u017ee ho nezve\u0159ejn\u00edm. <strong>Kdy\u017e se Vy\nnau\u010d\u00edte ciz\u00ed jazyk, kdy\u017e zhubnete, kdy\u017e vym\u011bn\u00edte pr\u00e1ci, kdy\u017e oslov\u00edte \u017eenu\/mu\u017ee\nsv\u00fdch sn\u016f, \u2026, zm\u011bn\u00ed se pro V\u00e1s cel\u00fd \u017eivot. <\/strong>Pro\u010d nejsme ochotni investovat\nn\u011bkolik minut denn\u011b do zm\u011bny, kter\u00e1 n\u00e1s u\u010din\u00ed lep\u0161\u00edmi nebo \u0161\u0165astn\u011bj\u0161\u00edmi?<\/p>\n\n\n\n<p>Radim Martynek <\/p>\n\n\n\n<p class=\"has-text-align-center\"><strong>Zaj\u00edmavosti:<\/strong><\/p>\n\n\n\n<p><strong>Ferrata obt\u00ed\u017enosti F v&nbsp;Postalmklamm<\/strong> (\u0161k\u00e1la je od A do F) bylo v&nbsp;roce 2016 z\u0159ejm\u011b tou <strong>nejobt\u00ed\u017en\u011bj\u0161\u00ed na sv\u011bt\u011b,<\/strong> jak potvrzuje alpsk\u00fd v\u016fdce ve videu na str\u00e1nce <a href=\"https:\/\/youtu.be\/Po61lFmQ1pY\">https:\/\/youtu.be\/Po61lFmQ1pY<\/a>. Od t\u00e9 doby byly ale vystav\u011bny nov\u00e9 \u00faseky, kter\u00e9 se py\u0161n\u00ed ozna\u010den\u00edm G.<\/p>\n\n\n\n<p><strong>\u010c\u00edm d\u00e9le stoj\u00edte pod sk\u00e1lou, t\u00edm rychleji V\u00e1m\nub\u00fdvaj\u00ed s\u00edly.<\/strong> Zd\u00e1 se to nelogick\u00e9, \u017ee nicned\u011bl\u00e1n\u00edm m\u016f\u017ee \u010dlov\u011bk\nz&nbsp;minuty na minutu sl\u00e1bnout. St\u00e1l jsem s&nbsp;jedn\u00edm tajemn\u00edkem pod\nferratou obt\u00ed\u017enosti D kousek od \u00dast\u00ed nad Labem. \u010c\u00edm d\u00e9le jsme pod sk\u00e1lou st\u00e1li\na p\u0159em\u00fd\u0161leli, jak ji zdolat (mimochodem \u2013 nebyla vy\u0161\u0161\u00ed ne\u017e dvoupatrov\u00fd d\u016fm),\nt\u00edm v\u011bt\u0161\u00ed jsme m\u011bli strach a m\u00e9n\u011b sil. Nakonec jsme ji zvl\u00e1dli.<\/p>\n\n\n\n<p>Co m\u011b nep\u0159estane fascinovat, to je <strong>rychlost\nsvalov\u00e9 regenerace.<\/strong> Kdy\u017e ud\u011bl\u00e1te 20&nbsp;klik, z\u0159ejm\u011b padnete vys\u00edlen\u00edm\nk&nbsp;zemi. Ale za 9 minut m\u00e1te p\u016fvodn\u00ed s\u00edlu k&nbsp;dal\u0161\u00edm 20 klik\u00e1m. Na sk\u00e1le\nje to stejn\u00e9: kdy\u017e u\u017e nem\u016f\u017eete a&nbsp;ruce jsou zesl\u00e1bl\u00e9, p\u0159ipnete odsedku\n(tedy vis\u00edte jen v&nbsp;sed\u00e1ku \u2013 viz obr\u00e1zek napravo) a nech\u00e1te ruce\nregenerovat. Po chv\u00edli m\u00e1te p\u016fvodn\u00ed s\u00edlu a m\u016f\u017eete pokra\u010dovat.<strong>Kl\u00ed\u010dov\u00e1 je tak\u00e9 volba\nlektora, tren\u00e9ra, kou\u010de\u2026 <\/strong>ve v\u0161ech oblastech, do kter\u00fdch se chcete pustit. Za 6\nm\u011bs\u00edc\u016f p\u0159\u00edprav s&nbsp;tren\u00e9rem v&nbsp;1. fitku jsem se dostal ke 3 shyb\u016fm.\nZd\u00e1lo se mi to m\u00e1lo, a tak jsem tren\u00e9ra vym\u011bnil. B\u011bhem dal\u0161\u00edch 3&nbsp;t\u00fddn\u016f\np\u0159\u00edprav s&nbsp;tren\u00e9rem ve&nbsp;2. fitku jsem zvl\u00e1dl ud\u011blat 9 shyb\u016f. \n\n<br><\/p>\n\n\n\n<hr class=\"wp-block-separator\"\/>\n\n\n\n<p><a href=\"#_ftnref1\">[1]<\/a> Zdroj: <a href=\"http:\/\/www.zbynekmlcoch.cz\/informace\/zamysleni-fejeton\/ruzne\/mame-denne-86400-sekund-zalezi-jen-na-nas-jak-je-prozijeme-a-vyuzijeme\">www.zbynekmlcoch.cz\/informace\/zamysleni-fejeton\/ruzne\/mame-denne-86400-sekund-zalezi-jen-na-nas-jak-je-prozijeme-a-vyuzijeme<\/a><\/p>\n\n\n\n<p><a href=\"#_ftnref2\">[2]<\/a> Blog: <a href=\"https:\/\/radim.martynek.cz\/?p=254\">https:\/\/radim.martynek.cz\/?p=254<\/a> <\/p>\n","protected":false},"excerpt":{"rendered":"<p>Spousty lid\u00ed \u2013 podle posledn\u00edch z\u00e1znam\u016f \u010cesk\u00e9ho statistick\u00e9ho \u00fa\u0159adu to je 6&nbsp;758&nbsp;885 \u2013 tou\u017e\u00ed ve sv\u00e9m \u017eivot\u011b po n\u011bjak\u00e9 zm\u011bn\u011b, ale ani ne desetina pro tu zm\u011bnu n\u011bco ud\u011bl\u00e1. V&nbsp;\u010dervnov\u00e9m \u010d\u00edsle Nev\u0161edn\u00edku na stran\u011b 4 jsem V\u00e1s vyzval, abyste si vyplnili do tabulky sv\u00e1 p\u0159\u00e1n\u00ed, touhy a sny\u2026 Je \u010das si tabulku vz\u00edt do ruky&#8230;.<\/p>\n","protected":false},"author":10,"featured_media":0,"comment_status":"closed","ping_status":"open","sticky":false,"template":"","format":"standard","meta":{"footnotes":""},"categories":[4],"tags":[],"class_list":["post-391","post","type-post","status-publish","format-standard","hentry","category-ze-zivota"],"_links":{"self":[{"href":"https:\/\/radim.martynek.cz\/index.php?rest_route=\/wp\/v2\/posts\/391","targetHints":{"allow":["GET"]}}],"collection":[{"href":"https:\/\/radim.martynek.cz\/index.php?rest_route=\/wp\/v2\/posts"}],"about":[{"href":"https:\/\/radim.martynek.cz\/index.php?rest_route=\/wp\/v2\/types\/post"}],"author":[{"embeddable":true,"href":"https:\/\/radim.martynek.cz\/index.php?rest_route=\/wp\/v2\/users\/10"}],"replies":[{"embeddable":true,"href":"https:\/\/radim.martynek.cz\/index.php?rest_route=%2Fwp%2Fv2%2Fcomments&post=391"}],"version-history":[{"count":4,"href":"https:\/\/radim.martynek.cz\/index.php?rest_route=\/wp\/v2\/posts\/391\/revisions"}],"predecessor-version":[{"id":713,"href":"https:\/\/radim.martynek.cz\/index.php?rest_route=\/wp\/v2\/posts\/391\/revisions\/713"}],"wp:attachment":[{"href":"https:\/\/radim.martynek.cz\/index.php?rest_route=%2Fwp%2Fv2%2Fmedia&parent=391"}],"wp:term":[{"taxonomy":"category","embeddable":true,"href":"https:\/\/radim.martynek.cz\/index.php?rest_route=%2Fwp%2Fv2%2Fcategories&post=391"},{"taxonomy":"post_tag","embeddable":true,"href":"https:\/\/radim.martynek.cz\/index.php?rest_route=%2Fwp%2Fv2%2Ftags&post=391"}],"curies":[{"name":"wp","href":"https:\/\/api.w.org\/{rel}","templated":true}]}}