{"id":582,"date":"2020-03-10T18:53:46","date_gmt":"2020-03-10T17:53:46","guid":{"rendered":"http:\/\/radim.martynek.cz\/?p=582"},"modified":"2020-03-31T09:32:53","modified_gmt":"2020-03-31T08:32:53","slug":"hysterie-s-nazvem-koronavirus","status":"publish","type":"post","link":"https:\/\/radim.martynek.cz\/?p=582","title":{"rendered":"Hysterie s n\u00e1zvem koronavirus"},"content":{"rendered":"\n<p><strong>V\u00a0souvislosti s\u00a0n\u00e1kazou COVID-19 se \u0161\u00ed\u0159\u00ed nap\u0159\u00ed\u010d \u010cR hysterie, lid\u00e9 skupuj\u00ed potraviny, podnikavci n\u011bkolikan\u00e1sobn\u011b p\u0159edra\u017euj\u00ed rou\u0161ky, p\u0159itom m\u00e1me jen 20 naka\u017een\u00fdch na 100 000 obyvatel. <\/strong><\/p>\n\n\n\n<p>V&nbsp;roce 2018 zem\u0159elo v \u010cR 260 lid\u00ed na ch\u0159ipku (viz <a rel=\"noreferrer noopener\" aria-label=\"\u010dl\u00e1nek (otev\u0159e se na nov\u00e9 z\u00e1lo\u017ece)\" href=\"http:\/\/www.irozhlas.cz\/zivotni-styl\/zdravi\/chripka-epidemie-ceska-republika-leden-nemoc-ockovani_1901212313_dok\" target=\"_blank\">\u010dl\u00e1nek<\/a>), v&nbsp;sou\u010dasn\u00e9 sez\u00f3n\u011b u\u017e 12&nbsp;lid\u00ed (viz <a rel=\"noreferrer noopener\" aria-label=\"\u010dl\u00e1nek (otev\u0159e se na nov\u00e9 z\u00e1lo\u017ece)\" href=\"http:\/\/www.novinky.cz\/domaci\/clanek\/zatimco-se-cesi-desi-koronaviru-zemrelo-12-lidi-na-chripku-40311641\" target=\"_blank\">\u010dl\u00e1nek<\/a>). K&nbsp;31.01.2020 m\u00e1me celkem 3 609 lid\u00ed HIV pozitivn\u00edch (viz <a rel=\"noreferrer noopener\" aria-label=\"\u010dl\u00e1nek (otev\u0159e se na nov\u00e9 z\u00e1lo\u017ece)\" href=\"http:\/\/www.szu.cz\/tema\/prevence\/rocni-zpravy-o-vyskytu-a-sireni-hiv-aids-v-cr\" target=\"_blank\">\u010dl\u00e1nek<\/a>), ale \u0161\u00edl\u00edme kv\u016fli koronaviru. P\u0159itom pr\u00e1v\u011b <strong>stres oslabuje organismus a zvy\u0161uje pravd\u011bpodobnost naka\u017een\u00ed<\/strong> r\u016fzn\u00fdmi nemocemi (viz <a rel=\"noreferrer noopener\" aria-label=\"\u010dl\u00e1nek (otev\u0159e se na nov\u00e9 z\u00e1lo\u017ece)\" href=\"https:\/\/ct24.ceskatelevize.cz\/veda\/3036688-jak-moc-je-novy-koronavirus-z-ciny-smrtici-a-existuje-riziko-pro-cesko-nabizime\" target=\"_blank\">\u010dl\u00e1nek<\/a>).<\/p>\n\n\n\n<p>I na na\u0161e akce dolehla hysterie, kdy\u017e \u2013 kup\u0159\u00edkladu \u2013 se ze semin\u00e1\u0159e etikety s&nbsp;Ladislavem \u0160pa\u010dkem, kter\u00fd jsme po\u0159\u00e1dali 10.03. v&nbsp;Olomouci, odhl\u00e1silo cca 50 \u00fa\u010dastn\u00edk\u016f pr\u00e1v\u011b z&nbsp;obavy naka\u017een\u00ed koronavirem.<\/p>\n\n\n\n<p>P\u016fvabn\u011b p\u016fsob\u00ed slova prof. Jana Pirka zve\u0159ejn\u011bn\u00e1 na adrese <a href=\"http:\/\/www.reflex.cz\/clanek\/rozhovory\/100072\/v-cine-priroda-koronavirem-reguluje-prelidneni-na-premnozena-prasata-take-prisel-praseci-mor-rika-jan-pirk.html\" target=\"_blank\" rel=\"noreferrer noopener\" aria-label=\"www.reflex.cz\/clanek\/rozhovory\/100072\/v-cine-priroda-koronavirem-reguluje-prelidneni-na-premnozena-prasata-take-prisel-praseci-mor-rika-jan-pirk.html (otev\u0159e se na nov\u00e9 z\u00e1lo\u017ece)\">www.reflex.cz\/clanek\/rozhovory\/100072\/v-cine-priroda-koronavirem-reguluje-prelidneni-na-premnozena-prasata-take-prisel-praseci-mor-rika-jan-pirk.html<\/a>.<\/p>\n\n\n\n<p>Ka\u017ed\u00fd a\u0165 si ud\u011bl\u00e1 s\u00e1m obr\u00e1zek, zda <strong>je tato hysterie opr\u00e1vn\u011bn\u00e1 nebo um\u011ble vyvolan\u00e1&#8230;<\/strong><\/p>\n\n\n\n<figure class=\"wp-block-image size-large\"><img loading=\"lazy\" decoding=\"async\" width=\"563\" height=\"852\" src=\"https:\/\/radim.martynek.cz\/wp-content\/uploads\/FotkyFoto_40796575_S.jpg\" alt=\"\" class=\"wp-image-583\" srcset=\"https:\/\/radim.martynek.cz\/wp-content\/uploads\/FotkyFoto_40796575_S.jpg 563w, https:\/\/radim.martynek.cz\/wp-content\/uploads\/FotkyFoto_40796575_S-198x300.jpg 198w\" sizes=\"auto, (max-width: 563px) 100vw, 563px\" \/><\/figure>\n","protected":false},"excerpt":{"rendered":"<p>V\u00a0souvislosti s\u00a0n\u00e1kazou COVID-19 se \u0161\u00ed\u0159\u00ed nap\u0159\u00ed\u010d \u010cR hysterie, lid\u00e9 skupuj\u00ed potraviny, podnikavci n\u011bkolikan\u00e1sobn\u011b p\u0159edra\u017euj\u00ed rou\u0161ky, p\u0159itom m\u00e1me jen 20 naka\u017een\u00fdch na 100 000 obyvatel. V&nbsp;roce 2018 zem\u0159elo v \u010cR 260 lid\u00ed na ch\u0159ipku (viz \u010dl\u00e1nek), v&nbsp;sou\u010dasn\u00e9 sez\u00f3n\u011b u\u017e 12&nbsp;lid\u00ed (viz \u010dl\u00e1nek). K&nbsp;31.01.2020 m\u00e1me celkem 3 609 lid\u00ed HIV pozitivn\u00edch (viz \u010dl\u00e1nek), ale \u0161\u00edl\u00edme kv\u016fli koronaviru&#8230;.<\/p>\n","protected":false},"author":10,"featured_media":0,"comment_status":"closed","ping_status":"open","sticky":false,"template":"","format":"standard","meta":{"footnotes":""},"categories":[4],"tags":[],"class_list":["post-582","post","type-post","status-publish","format-standard","hentry","category-ze-zivota"],"_links":{"self":[{"href":"https:\/\/radim.martynek.cz\/index.php?rest_route=\/wp\/v2\/posts\/582","targetHints":{"allow":["GET"]}}],"collection":[{"href":"https:\/\/radim.martynek.cz\/index.php?rest_route=\/wp\/v2\/posts"}],"about":[{"href":"https:\/\/radim.martynek.cz\/index.php?rest_route=\/wp\/v2\/types\/post"}],"author":[{"embeddable":true,"href":"https:\/\/radim.martynek.cz\/index.php?rest_route=\/wp\/v2\/users\/10"}],"replies":[{"embeddable":true,"href":"https:\/\/radim.martynek.cz\/index.php?rest_route=%2Fwp%2Fv2%2Fcomments&post=582"}],"version-history":[{"count":11,"href":"https:\/\/radim.martynek.cz\/index.php?rest_route=\/wp\/v2\/posts\/582\/revisions"}],"predecessor-version":[{"id":595,"href":"https:\/\/radim.martynek.cz\/index.php?rest_route=\/wp\/v2\/posts\/582\/revisions\/595"}],"wp:attachment":[{"href":"https:\/\/radim.martynek.cz\/index.php?rest_route=%2Fwp%2Fv2%2Fmedia&parent=582"}],"wp:term":[{"taxonomy":"category","embeddable":true,"href":"https:\/\/radim.martynek.cz\/index.php?rest_route=%2Fwp%2Fv2%2Fcategories&post=582"},{"taxonomy":"post_tag","embeddable":true,"href":"https:\/\/radim.martynek.cz\/index.php?rest_route=%2Fwp%2Fv2%2Ftags&post=582"}],"curies":[{"name":"wp","href":"https:\/\/api.w.org\/{rel}","templated":true}]}}