{"id":638,"date":"2020-07-06T08:47:13","date_gmt":"2020-07-06T07:47:13","guid":{"rendered":"http:\/\/radim.martynek.cz\/?p=638"},"modified":"2020-07-06T08:47:14","modified_gmt":"2020-07-06T07:47:14","slug":"pouzivani-inicialovych-zkratek-ic-ico","status":"publish","type":"post","link":"https:\/\/radim.martynek.cz\/?p=638","title":{"rendered":"Pou\u017e\u00edv\u00e1n\u00ed inici\u00e1lov\u00fdch zkratek I\u010c\/I\u010cO"},"content":{"rendered":"\n<p>P\u0159i zkoum\u00e1n\u00ed, kter\u00e1 ze zkratek je spr\u00e1vn\u00e1, si mus\u00edme uv\u011bdomit, \u017ee z\u00e1konod\u00e1rci definuj\u00ed <strong>OBSAH<\/strong> a\u00a0my, prost\u00fd lid, tomu d\u00e1v\u00e1me spr\u00e1vnou <strong>formu. <\/strong>C\u00edlem tohoto dokumentu je uk\u00e1zat v\u00edce \u00fahl\u016f pohledu, neb z\u00e1v\u011bre\u010dn\u00e1 volba je na \u010dten\u00e1\u0159i. J\u00e1 \u2013 jako \u010dlov\u011bk pova\u017eovan\u00fd za odborn\u00edka na p\u00edsemnou komunikaci \u2013 stoj\u00edm za t\u00edm, \u017ee platn\u00e9 jsou ob\u011b zkratky.<\/p>\n\n\n\n<p class=\"has-text-align-center\">Cel\u00fd \u010dl\u00e1nek ke sta\u017een\u00ed v PDF <a href=\"http:\/\/www.martynek.cz\/download\/ICO_IC.pdf\">zde<\/a>.<\/p>\n\n\n\n<p>Dokonalou uk\u00e1zkou je <strong>z\u00e1kon o obc\u00edch, <\/strong>kter\u00fd nezn\u00e1 pojmy\nstarostka a tajemnice, nebo <strong>z\u00e1kon o&nbsp;vysok\u00fdch\n\u0161kol\u00e1ch, <\/strong>kter\u00fd nezn\u00e1 pojmy in\u017een\u00fdrka, magistra a doktorka. Kdybychom\naplikovali dogma pr\u00e1vn\u00edk\u016f, \u017ee z\u00e1kon definuje FORMU, na \u017e\u00e1dn\u00e9m \u00fa\u0159ad\u011b by nesm\u011bly\nb\u00fdt in\u017een\u00fdrky, magistry a tajemnice, resp. jejich vystupov\u00e1n\u00ed by bylo\nv&nbsp;rozporu se z\u00e1konem.<\/p>\n\n\n\n<p><strong>Z\u00e1kon \u010d. 111\/2009 Sb., o z\u00e1kladn\u00edch registrech,<\/strong> v \u00a7 24 \u0159\u00edk\u00e1:<\/p>\n\n\n\n<p>V tomto z\u00e1kon\u011b\nse rozum\u00ed<\/p>\n\n\n\n<p>c) <strong>identifika\u010dn\u00edm \u010d\u00edslem osoby<\/strong> \u010d\u00edseln\u00fd k\u00f3d\nozna\u010dovan\u00fd zkratkou \u201eI\u010cO\u201c, kter\u00fd slou\u017e\u00ed k&nbsp;jednozna\u010dn\u00e9 identifikaci\nsubjektu\u2026<\/p>\n\n\n\n<p>Z\u00e1kony tady nejsou od\ndefinov\u00e1n\u00ed zkratek \u2013 tedy FORMY \u2013 n\u00fdbr\u017e OBSAHU. D\u016fkazem je \u00a7 1 t\u00e9ho\u017e z\u00e1kona,\nkter\u00fd \u0159\u00edk\u00e1:<\/p>\n\n\n\n<p>Tento z\u00e1kon<\/p>\n\n\n\n<p>a) vymezuje <strong>obsah<\/strong> z\u00e1kladn\u00edch registr\u016f, informa\u010dn\u00edho syst\u00e9mu z\u00e1kladn\u00edch\nregistr\u016f a&nbsp;informa\u010dn\u00edho syst\u00e9mu \u00fazemn\u00ed identifikace a stanov\u00ed pr\u00e1va a\npovinnosti, kter\u00e9 souvisej\u00ed s&nbsp;jejich vytv\u00e1\u0159en\u00edm, u\u017e\u00edv\u00e1n\u00edm a provozem, \u2026<\/p>\n\n\n\n<p>Nic o tom, \u017ee by byl naps\u00e1n\nproto, aby vytv\u00e1\u0159el zkratky.<\/p>\n\n\n\n<p>Nav\u00edc v&nbsp;onom z\u00e1kon\u011b je\nchyba. Pokud bychom jej op\u011bt vzali dogmaticky, museli bychom odte\u010f I\u010cO ps\u00e1t\nv&nbsp;uvozovk\u00e1ch, neb takto to \u0159\u00edk\u00e1 z\u00e1kon. Zkratky ale nikdy do uvozovek\nned\u00e1v\u00e1me\u2026 Nikdy jsme nevid\u011bli <strong>\u201eM\u011b\u00da\u201c\nT\u0159inec<\/strong> nebo <strong>\u00da\u0159ad vl\u00e1dy \u201e\u010cR\u201c.<\/strong>\nDefinuje-li z\u00e1kon uvozovky, pak bychom je museli ps\u00e1t v\u0161ude.<\/p>\n\n\n\n<p><strong>Z\u00e1kon \u010d. 134\/2016 Sb., o ve\u0159ejn\u00fdch zak\u00e1zk\u00e1ch,<\/strong> v \u00a7 227 uv\u00e1d\u00ed:<\/p>\n\n\n\n<p>Do seznamu\nkvalifikovan\u00fdch dodavatel\u016f se zap\u00ed\u0161e<\/p>\n\n\n\n<p>e) <strong>identifika\u010dn\u00ed \u010d\u00edslo,<\/strong> pokud bylo\np\u0159id\u011bleno, \u2026<\/p>\n\n\n\n<p>A ot\u00e1zkou je? Co to tedy je\nIDENTIFIKA\u010cN\u00cd \u010c\u00cdSLO, kdy\u017e podle Va\u0161ich pr\u00e1vn\u00edk\u016f vlastn\u011b neexistuje? Je tato\n\u010d\u00e1st z\u00e1kona o ve\u0159ejn\u00fdch zak\u00e1zk\u00e1ch neplatn\u00e1?<\/p>\n\n\n\n<p>V&nbsp;roce 2004 mi bylo\np\u0159id\u011bleno <strong>\u010d\u00edslo<\/strong> <strong>identifikuj\u00edc\u00ed podnikatele s&nbsp;hodnotou 73276758<\/strong> a \u0159\u00edkalo se mu <strong>identifika\u010dn\u00ed \u010d\u00edslo organizace <\/strong>(se\nzkratkou I\u010cO). B\u011bhem let se ozna\u010den\u00ed zm\u011bnilo na <strong>identifika\u010dn\u00ed \u010d\u00edslo<\/strong> se zkratkou I\u010c, ale obsah z\u016fstal stejn\u00fd. A nyn\u00ed\nm\u00e1me <strong>identifika\u010dn\u00ed \u010d\u00edslo osoby<\/strong> a\nobsah je st\u00e1le stejn\u00fd. Je tedy lhostejn\u00e9, zda 73276758 je:<\/p>\n\n\n\n<ul class=\"wp-block-list\"><li>identifika\u010dn\u00ed \u010d\u00edslo organizace,<\/li><li>identifika\u010dn\u00ed \u010d\u00edslo osoby,<\/li><li>identifika\u010dn\u00ed \u010d\u00edslo m\u011bsta,<\/li><li>identifika\u010dn\u00ed \u010d\u00edslo podnikatele,<\/li><\/ul>\n\n\n\n<p>proto\u017ee spole\u010dn\u00fdm jmenovatelem\nje <strong>identifika\u010dn\u00ed \u010d\u00edslo<\/strong> (lhostejn\u00e9\nkter\u00e9ho objektu nebo subjektu).<\/p>\n\n\n\n<p>Judik\u00e1ty \u2013 z&nbsp;toho\njudik\u00e1t Nejvy\u0161\u0161\u00edho soudu \u2013 se kup\u0159\u00edkladu v\u011bnuje onomu m\u00fdtu, kdy si pr\u00e1vn\u00edci\n\u010dasto mysl\u00ed, \u017ee z\u00e1le\u017e\u00ed na z\u00e1pise v&nbsp;obchodn\u00edm rejst\u0159\u00edku. I tady je kl\u00ed\u010dov\u00fd\nobsah informace, nikoli forma, jakou je subjekt zapsan\u00fd.<\/p>\n\n\n\n<p>Stejn\u011b bychom mohli\npolemizovat nad zkratkou DI\u010c, kter\u00e1 z\u00e1konem nen\u00ed definov\u00e1na, p\u0159esto ji\npou\u017e\u00edv\u00e1te\u2026 Na z\u00e1klad\u011b jak\u00e9ho z\u00e1kona? Podle jak\u00e9ho jazykov\u00e9ho pravidla?<a href=\"#_ftn1\">[1]<\/a><\/p>\n\n\n\n<p>Z\u00e1kon definuje OBSAH \u2013 viz\nz\u00e1kony v\u00fd\u0161e \u2013 a lid\u00e9 d\u00e1vaj\u00ed obsahu tu spr\u00e1vnou FORMU. To Vy si \u0159\u00edk\u00e1te, \u017ee nov\u011b\nzavedete zkratku SMT a MMT (nebo SMT\u0159 a MMT\u0159). To Vy si vyb\u00edr\u00e1te, zda pou\u017e\u00edvat\nz&nbsp;dublet variantu \u010d. j. nebo \u010dj.<\/p>\n\n\n\n<p>Posledn\u00edm argumentem je \u00fazus<a href=\"#_ftn2\">[2]<\/a> nap\u0159\u00ed\u010d\n\u010ceskou republikou, tedy \u010cR (pro pr\u00e1vn\u00edky \u201e\u010cR\u201c). Po letech pou\u017e\u00edv\u00e1n\u00ed I\u010cO si lid\u00e9\nzvykli pou\u017e\u00edvat I\u010c. A najednou dal\u0161\u00ed z\u00e1kon jim umo\u017en\u00ed op\u011bt pou\u017e\u00edvat I\u010cO.\nV&nbsp;praxi lze v\u00eddat nechu\u0165 ke zm\u011bn\u011b. Podle vyhled\u00e1va\u010de Google je zkratka I\u010cO\npou\u017e\u00edvan\u00e1 v&nbsp;69 milionech p\u0159\u00edpad\u016f, kde\u017eto I\u010c ve 167 milionech.<\/p>\n\n\n\n<p>Argument pr\u00e1vn\u00edka:<\/p>\n\n\n\n<p>Na internetu lze vygooglit n\u00e1zory\nk&nbsp;pou\u017e\u00edv\u00e1n\u00ed zkratky I\u010cO\u2026 Pod\u00edvej se tak\u00e9 nap\u0159. na ve\u0159ejn\u00fd rejst\u0159\u00edk (<a href=\"http:\/\/www.justice.cz\">www.justice.cz<\/a>) nebo ARE \u2013 ob\u011b\nministersk\u00e9 platformy pro vyhled\u00e1v\u00e1n\u00ed \u00fadaj\u016f podnikatelsk\u00fdch subjekt\u016f pou\u017e\u00edvaj\u00ed\nzkratku I\u010cO\u2026 2.&nbsp;&nbsp;&nbsp; P\u0159edm\u011btn\u00fd z\u00e1kon (viz\nbod 1.) uvedenou zkratku \u201eI\u010cO\u201c p\u0159\u00edmo zmi\u0148uje a jej\u00ed podoba je z\u00e1vazn\u00e1 (zejm\u00e9na\nna ofici\u00e1ln\u00edch dokumentech subjektu). Mimo jin\u00e9 \u017eivnostensk\u00fd \u00fa\u0159ad b\u011b\u017en\u011b pou\u017e\u00edv\u00e1 od doby\nco se z\u00e1konn\u011b ust\u00e1lil nov\u00fd pojem \u201eidentifika\u010dn\u00ed \u010d\u00edslo osoby\u201c u v\u0161ech vyd\u00e1van\u00fdch\ndokument\u016f zkratku \u201eI\u010cO\u201c, tato zkratka je pou\u017e\u00edv\u00e1na i v&nbsp;celost\u00e1tn\u00edch\naplikac\u00edch pro \u017eivnostensk\u00e9 podnik\u00e1n\u00ed.<\/p>\n\n\n\n<p>Reakce:<\/p>\n\n\n\n<p>Jsem r\u00e1d, \u017ee\npadlo slovo GOOGLE (viz m\u00e1 pozn\u00e1mka o po\u010dtu v\u00fdskyt\u016f). Nicm\u00e9n\u011b nelze za bernou\nminci pova\u017eovat n\u00e1zor autora aplikace, kter\u00fdm je soukrom\u00fd subjekt. Analogicky\nbych mohl tvrdit, \u017ee auto\u0159i aplikace Dobr\u00fd \u00fa\u0159ad pou\u017e\u00edvaj\u00ed I\u010c. Zat\u00edm jsem\nnena\u0161el \u017e\u00e1dn\u00fd z\u00e1kon o zkratk\u00e1ch, proto nelze tvrdit, \u017ee n\u011bjak\u00e1 zkratka je\nz\u00e1vazn\u00e1.<\/p>\n\n\n\n<p>Argument pr\u00e1vn\u00edka:<\/p>\n\n\n\n<p>Z\u00e1kony\n(p\u0159edpisy), kter\u00e9 pou\u017e\u00edv\u00e1\u0161 (viz p\u0159\u00edloha) a na kter\u00e9 odkazuje\u0161 jsou ji\u017e\nne\u00fa\u010dinn\u00e9: \u010d. 40\/2004 Sb. (zru\u0161en v&nbsp;roce 2006), \u010d. 513\/1991 Sb. (zru\u0161en\nv&nbsp;roce 2013), a \u00a7 45 \u010d.&nbsp;z\u00e1kona \u010d. 455\/1991 Sb. byl rovn\u011b\u017e zm\u011bn\u011bn a\npou\u017e\u00edv\u00e1 m\u00edsto pojmu identifika\u010dn\u00ed \u010d\u00edslo (I\u010c) pojem identifika\u010dn\u00ed \u010d\u00edslo osoby\n(I\u010cO).<\/p>\n\n\n\n<p>Reakce:<\/p>\n\n\n\n<p>Prezentace,\nkter\u00e1 je pou\u017e\u00edv\u00e1na na semin\u00e1\u0159i, proch\u00e1z\u00ed ka\u017ed\u00fdch 6 m\u011bs\u00edc\u016f legislativn\u00ed reviz\u00ed.\nV\u00fd\u0161e uveden\u00e9 tvrzen\u00ed se neop\u00edr\u00e1 o aktu\u00e1ln\u00ed verzi prezentace.<\/p>\n\n\n\n<p>Argument\npr\u00e1vn\u00edka:<\/p>\n\n\n\n<p>Nejvy\u0161\u0161\u00ed\npr\u00e1vn\u00ed silu m\u00e1 ob\u010dansk\u00fd z\u00e1kon\u00edk, \u00a7 3019 jasn\u011b definuje identifika\u010dn\u00ed \u010d\u00edslo osoby,\ntedy i zkratku \u2013 pokud bereme \u00fazus, \u017ee zkratky se tvo\u0159\u00ed z&nbsp;prvn\u00edch p\u00edsmen\nslov\u2026 v&nbsp;tom p\u0159\u00edpad\u011b I\u010cO\u2026<\/p>\n\n\n\n<p>Reakce:<\/p>\n\n\n\n<p>Pravidel o\ntvo\u0159en\u00ed zkratek je v\u00edce \u2013 jedn\u00edm z&nbsp;nich je pravidlo o prvn\u00edch p\u00edsmenech.\nPodle jin\u00fdch pravidel by zkratka mohla zn\u00edt nap\u0159.: Id\u010c, Ide\u010c\u00ed nebo IO. <\/p>\n\n\n\n<p>Ob\u010dansk\u00fd\nz\u00e1kon\u00edk nelze nezmi\u0148ovat. Mluv\u00ed toliko o identifika\u010dn\u00edm \u010d\u00edsle osoby, ale \u017e\u00e1dnou\nlegislativn\u00ed zkratku neuv\u00e1d\u00ed. Nespr\u00e1vn\u00e1 je argumentace ob\u010dansk\u00fdm z\u00e1kon\u00edkem s&nbsp;t\u00edm,\n\u017ee m\u00e1 nejvy\u0161\u0161\u00ed pr\u00e1vn\u00ed s\u00edlu. Tu toti\u017e oproti ostatn\u00edm uv\u00e1d\u011bn\u00fdm z\u00e1kon\u016fm nem\u00e1. M\u00e1\nstejnou pr\u00e1vn\u00ed s\u00edlu jako ostatn\u00ed. St\u011b\u017eejn\u00ed bude ur\u010den\u00ed vz\u00e1jemn\u00fdch vztah\u016f t\u011bchto\nz\u00e1kon\u016f, a to z pohledu, kter\u00fd je obecn\u00fd a kter\u00fd je speci\u00e1ln\u00ed a pak jako\nspeci\u00e1ln\u00ed m\u00e1 p\u0159ednostn\u00ed pou\u017eit\u00ed (vztah subsidiarity v pr\u00e1vn\u00ed teorii).<\/p>\n\n\n\n<p>Argument pr\u00e1vn\u00edka:<\/p>\n\n\n\n<p>\u010cili z\u00e1v\u011br je\njednoduch\u00fd, kdo pou\u017e\u00edv\u00e1 v ofici\u00e1ln\u00edch dokumentech I\u010c, pou\u017e\u00edv\u00e1 zastaralou\nzkratku, a pak nev\u00ed\u0161 o jak\u00fd identifik\u00e1tor se jedn\u00e1, kdo I\u010cO, tak v\u00ed\u0161, \u017ee se\njedn\u00e1 o identifika\u010dn\u00ed \u010d\u00edslo osoby ud\u011blen\u00e9 kompetentn\u00edm org\u00e1nem ve\u0159ejn\u00e9 moci\u2026<\/p>\n\n\n\n<p>Reakce:<\/p>\n\n\n\n<p>Zkratka I\u010c m\u00e1\njen jednu hodnotu \u2013 viz d\u016fkaz v\u00fd\u0161e. Tvrdit, \u017ee si lid\u00e9 mohou spl\u00e9st I\u010c\ns&nbsp;I\u010cP, je stejn\u011b naivn\u00ed, jako si myslet, \u017ee si lid\u00e9 mohou spl\u00e9st hodnotu\n739 61 s&nbsp;telefonn\u00edm \u010d\u00edslem. FORMA obou \u010d\u00edsel je toti\u017e rozd\u00edln\u00e1: I\u010c je\n8m\u00edstn\u00e9, I\u010cP je 10m\u00edstn\u00e9, PS\u010c 5m\u00edstn\u00e9 s mezerou.<\/p>\n\n\n\n<p>Argument pr\u00e1vn\u00edka:<\/p>\n\n\n\n<p>Pos\u00edl\u00e1m je\u0161t\u011b\nv\u00fd\u0148atek z koment\u00e1\u0159e k ob\u010dansk\u00e9ho z\u00e1kon\u00edku (viz n\u00ed\u017ee)\u2026 k \u00a7 3019\u2026 (Lavick\u00fd, P. a\nkol.: Ob\u010dansk\u00fd z\u00e1kon\u00edk) +&nbsp; koment\u00e1\u0159 k\nOb\u010dZ (viz p\u0159\u00edloha)\u2026 t\u0159eba se Ti to bude hodit k rozboru\u2026 <\/p>\n\n\n\n<p>II.\nIdentifikuj\u00edc\u00ed znaky pr\u00e1vnick\u00e9 osoby nebo podnikatele<\/p>\n\n\n\n<p>Identifikuj\u00edc\u00edm\nznakem pr\u00e1vnick\u00e9\nosoby nebo podnikatele (tj. jak pr\u00e1vnick\u00e9, tak fyzick\u00e9 osoby spl\u0148uj\u00edc\u00ed podm\u00ednky\n\u00a7 420 Ob\u010dZ), je identifika\u010dn\u00ed \u010d\u00edslo p\u0159id\u011blovan\u00e9\npr\u00e1vnick\u00fdm osob\u00e1m, resp. podnikatel\u016fm jednotliv\u00fdmi editory registru osob podle z\u00e1kona \u010d. 111\/2009 Sb., o z\u00e1kladn\u00edch registrech. Identifika\u010dn\u00edm\n\u010d\u00edslem osoby je podle tohoto z\u00e1kona \u010d\u00edseln\u00fd k\u00f3d ozna\u010dovan\u00fd zkratkou \u201eI\u010cO\u201c,\nkter\u00fd slou\u017e\u00ed k jednozna\u010dn\u00e9 identifikaci subjektu.<\/p>\n\n\n\n<p>Reakce:<\/p>\n\n\n\n<p>Koment\u00e1\u0159\nk&nbsp;ob\u010dansk\u00e9mu z\u00e1konu \u0159\u00edk\u00e1, \u017ee identifikuj\u00edc\u00edm\nznakem je identifika\u010dn\u00ed \u010d\u00edslo podle z\u00e1kona \u010d. 111\/2009 Sb., o z\u00e1kladn\u00edch\nregistrech. Je mi l\u00edto, ale tento z\u00e1kon mluv\u00ed o identifika\u010dn\u00edm \u010d\u00edsle\nosoby, nikoli identifika\u010dn\u00edm \u010d\u00edsle. Tak\u017ee bu\u010f p\u0159ipust\u00edme, \u017ee z\u00e1kon definuje\nOBSAH a ne FORMU, nebo jsou auto\u0159i tohoto koment\u00e1\u0159e neznal\u00ed z\u00e1kona. <\/p>\n\n\n\n<p>Zpracoval: Ing. Radim\nMartynek, MBE, a kolektiv<br><\/p>\n\n\n\n<hr class=\"wp-block-separator\"\/>\n\n\n\n<p><a href=\"#_ftnref1\">[1]<\/a> Na\n\u0159e\u010dnick\u00e9 ot\u00e1zky nech\u0165 pr\u00e1vn\u00edci neodpov\u00eddaj\u00ed.<\/p>\n\n\n\n<p><a href=\"#_ftnref2\">[2]<\/a>\n\u00dazus (z latinsk\u00e9ho usus u\u017eit\u00ed, dovednost, zvyk) neboli uzance je ozna\u010den\u00ed pro\npravidlo \u010di ust\u00e1len\u00fd zvyk, kter\u00fd nen\u00ed povinn\u00fd, psan\u00fd, ale v ur\u010dit\u00e9 oblasti\nv\u0161eobecn\u011b p\u0159ij\u00edman\u00fd a respektovan\u00fd. \u00dazus m\u016f\u017ee tak\u00e9 spo\u010d\u00edvat v tom, \u017ee je\nobvykl\u00e9 uzn\u00e1vat chov\u00e1n\u00ed, kter\u00e9 se li\u0161\u00ed oproti kodifikovan\u00e9 norm\u011b. \u00dazus m\u016f\u017ee b\u00fdt\nmotivac\u00ed \u010di inspirac\u00ed k vytvo\u0159en\u00ed psan\u00e9 normy nebo ke zm\u011bn\u011b existuj\u00edc\u00ed (psan\u00e1\nnorma m\u016f\u017ee b\u00fdt zachycen\u00edm st\u00e1vaj\u00edc\u00edho \u00fazu). Pokud k n\u011bjak\u00e9mu jedn\u00e1n\u00ed doch\u00e1z\u00ed na\nz\u00e1klad\u011b \u00fazu, neznamen\u00e1 to nutn\u011b, \u017ee je to zp\u016fsob nejspr\u00e1vn\u011bj\u0161\u00ed nebo nejlep\u0161\u00ed.\n(Wikipedie)<\/p>\n","protected":false},"excerpt":{"rendered":"<p>P\u0159i zkoum\u00e1n\u00ed, kter\u00e1 ze zkratek je spr\u00e1vn\u00e1, si mus\u00edme uv\u011bdomit, \u017ee z\u00e1konod\u00e1rci definuj\u00ed OBSAH a\u00a0my, prost\u00fd lid, tomu d\u00e1v\u00e1me spr\u00e1vnou formu. C\u00edlem tohoto dokumentu je uk\u00e1zat v\u00edce \u00fahl\u016f pohledu, neb z\u00e1v\u011bre\u010dn\u00e1 volba je na \u010dten\u00e1\u0159i. J\u00e1 \u2013 jako \u010dlov\u011bk pova\u017eovan\u00fd za odborn\u00edka na p\u00edsemnou komunikaci \u2013 stoj\u00edm za t\u00edm, \u017ee platn\u00e9 jsou ob\u011b zkratky. Cel\u00fd&#8230;<\/p>\n","protected":false},"author":10,"featured_media":0,"comment_status":"closed","ping_status":"open","sticky":false,"template":"","format":"standard","meta":{"footnotes":""},"categories":[5],"tags":[],"class_list":["post-638","post","type-post","status-publish","format-standard","hentry","category-z-prace"],"_links":{"self":[{"href":"https:\/\/radim.martynek.cz\/index.php?rest_route=\/wp\/v2\/posts\/638","targetHints":{"allow":["GET"]}}],"collection":[{"href":"https:\/\/radim.martynek.cz\/index.php?rest_route=\/wp\/v2\/posts"}],"about":[{"href":"https:\/\/radim.martynek.cz\/index.php?rest_route=\/wp\/v2\/types\/post"}],"author":[{"embeddable":true,"href":"https:\/\/radim.martynek.cz\/index.php?rest_route=\/wp\/v2\/users\/10"}],"replies":[{"embeddable":true,"href":"https:\/\/radim.martynek.cz\/index.php?rest_route=%2Fwp%2Fv2%2Fcomments&post=638"}],"version-history":[{"count":1,"href":"https:\/\/radim.martynek.cz\/index.php?rest_route=\/wp\/v2\/posts\/638\/revisions"}],"predecessor-version":[{"id":639,"href":"https:\/\/radim.martynek.cz\/index.php?rest_route=\/wp\/v2\/posts\/638\/revisions\/639"}],"wp:attachment":[{"href":"https:\/\/radim.martynek.cz\/index.php?rest_route=%2Fwp%2Fv2%2Fmedia&parent=638"}],"wp:term":[{"taxonomy":"category","embeddable":true,"href":"https:\/\/radim.martynek.cz\/index.php?rest_route=%2Fwp%2Fv2%2Fcategories&post=638"},{"taxonomy":"post_tag","embeddable":true,"href":"https:\/\/radim.martynek.cz\/index.php?rest_route=%2Fwp%2Fv2%2Ftags&post=638"}],"curies":[{"name":"wp","href":"https:\/\/api.w.org\/{rel}","templated":true}]}}