{"id":642,"date":"2020-08-10T18:11:39","date_gmt":"2020-08-10T17:11:39","guid":{"rendered":"http:\/\/radim.martynek.cz\/?p=642"},"modified":"2020-08-19T16:26:39","modified_gmt":"2020-08-19T15:26:39","slug":"speleoferrata-je-taky-ferrata-nebo-ne","status":"publish","type":"post","link":"https:\/\/radim.martynek.cz\/?p=642","title":{"rendered":"Speleoferrata je taky ferrata\u2026 Nebo ne?"},"content":{"rendered":"\n<p>P\u00ed\u0161ou, \u017ee <a href=\"https:\/\/speleoart.cz\/p\/speleoferata\" target=\"_blank\" rel=\"noreferrer noopener\" aria-label=\"speleoferrata (otev\u0159e se na nov\u00e9 z\u00e1lo\u017ece)\">speleoferrata<\/a> je <strong>nejdobrodru\u017en\u011bj\u0161\u00ed a nejzaj\u00edmav\u011bj\u0161\u00ed&nbsp;jeskynn\u00ed trasou<\/strong> Moravsk\u00e9ho krasu. Pro m\u011b to bylo <em>dokonal\u00e9 <\/em>sado-maso od 1. do 120. minuty, <strong>kdy jsem si s\u00e1hl na dno fyzick\u00e9, psychick\u00e9 i jeskynn\u00ed.<\/strong><\/p>\n\n\n\n<p>Kdy\u017e jsem dostal od p\u0159\u00e1tel poukaz, byl jsem nad\u0161en\u00fd. Ferrat\u00e1m\njsem propadl u\u017e p\u0159ed lety, a tak se v\u00fdlet jevil jako geni\u00e1ln\u00ed n\u00e1pad. Dostal\njsem helmu, \u010delovku a kombin\u00e9zu, sedac\u00ed \u00favazek a jist\u00edc\u00ed set s&nbsp;karabinami.<\/p>\n\n\n\n<p><strong>\u0160lo o 40 metr\u016f hlubokou zaji\u0161t\u011bnou jeskynn\u00ed kask\u00e1du plnou prol\u00edza\u010dek, plazivek, pr\u016flez\u016f, propast\u00ed, kom\u00edn\u016f s lanov\u00fdmi \u017eeb\u0159\u00edky, traverz\u016f s \u201ehoupa\u010dkami\u201c a lezen\u00edm.<\/strong> Trasa kon\u010dila&nbsp;hluboko pod zem\u00ed&nbsp;u odtokov\u00e9ho sifonu mal\u00e9ho jez\u00edrka. P\u00ed\u0161ou, \u017ee jde o par\u00e1dn\u00ed dobrodru\u017estv\u00ed, u kter\u00e9ho si ka\u017ed\u00fd m\u00e1kne a propot\u00ed triko. D\u00edky funk\u010dn\u00edmu syst\u00e9mu oble\u010den\u00ed jsem z\u016fstal such\u00fd, a\u010d chv\u00edlemi nechyb\u011blo, abych \u2026 vypustil du\u0161i.<\/p>\n\n\n\n<p>Doufal jsem, \u017ee obt\u00ed\u017enost C\/D na \u0161k\u00e1le A\u2013F je stejn\u00e1 jako u ferrat, tzn. \u017ee b\u011bhem cesty zdol\u00e1v\u00e1 \u010dlov\u011bk r\u016fzn\u00e9 \u00faseky obt\u00ed\u017enosti (od A do C), ale jeden jedin\u00fd je pr\u00e1v\u011b C\/D. Chyba l\u00e1vky! Tady byly v\u0161echny \u00faseky v kategorii C\/D, tedy cel\u00e1 hodina dol\u016f a cel\u00e1 hodina nahoru!<\/p>\n\n\n\n<p>V&nbsp;m\u00edstech, kde jsme nezl\u00e9zali mokrou sk\u00e1lu vertik\u00e1ln\u00edm sm\u011brem a nevysilovali bicepsy k&nbsp;roztrh\u00e1n\u00ed, \u0161lo o horizont\u00e1ln\u00ed C\/D pro lidskou mysl. P\u00ed\u0161ou, \u017ee minim\u00e1ln\u00ed velikost prostupu je 35 cm x 61 cm, ale \u00fadaj je na v\u00fd\u0161ku, tak\u017ee se plaz\u00edte bokem (nikoli po b\u0159i\u0161e). Pro mysl to bylo vy\u010derp\u00e1vaj\u00edc\u00ed, proto\u017ee se sv\u00fdmi 90 kg jsem se tam ve\u0161el tak tak (nav\u00edc \u00fazk\u00fd pr\u016flez nevede rovn\u011b, ale do es\u00ed\u010dka). S\u00e1hl jsem si <a rel=\"noreferrer noopener\" aria-label=\"podruh\u00e9 v&nbsp;\u017eivot\u011b  (otev\u0159e se na nov\u00e9 z\u00e1lo\u017ece)\" href=\"https:\/\/radim.martynek.cz\/?p=254\" target=\"_blank\">podruh\u00e9 v&nbsp;\u017eivot\u011b<\/a> na psychick\u00e9 dno. P\u0159i cest\u011b zp\u00e1tky \u2013 fyzicky vys\u00edlen \u2013 se mi v&nbsp;neju\u017e\u0161\u00edm m\u00edst\u011b zachytil kotn\u00edk mezi skalami a j\u00e1 za\u010dal zmatkovat (b\u00e1l jsem se, \u017ee tam z\u016fstanu). V&nbsp;nejt\u011b\u017e\u0161\u00edm okam\u017eiku jsem za\u010dal myslet na osobu mn\u011b milou a \u0159ekl si, \u017ee u\u017e jen kv\u016fli n\u00ed se mus\u00edm vr\u00e1tit\u2026 <\/p>\n\n\n\n<div class=\"wp-block-image\"><figure class=\"aligncenter size-large is-resized\"><img loading=\"lazy\" decoding=\"async\" src=\"https:\/\/radim.martynek.cz\/wp-content\/uploads\/\u0161\u00edrka-verraty-768x1024.jpeg\" alt=\"\" class=\"wp-image-646\" width=\"384\" height=\"512\" srcset=\"https:\/\/radim.martynek.cz\/wp-content\/uploads\/\u0161\u00edrka-verraty-768x1024.jpeg 768w, https:\/\/radim.martynek.cz\/wp-content\/uploads\/\u0161\u00edrka-verraty-225x300.jpeg 225w, https:\/\/radim.martynek.cz\/wp-content\/uploads\/\u0161\u00edrka-verraty-1152x1536.jpeg 1152w, https:\/\/radim.martynek.cz\/wp-content\/uploads\/\u0161\u00edrka-verraty-1080x1440.jpeg 1080w, https:\/\/radim.martynek.cz\/wp-content\/uploads\/\u0161\u00edrka-verraty.jpeg 1200w\" sizes=\"auto, (max-width: 384px) 100vw, 384px\" \/><figcaption>Plazivka: \u00fazk\u00e9 m\u00edsto k plazen\u00ed bokem a do zat\u00e1\u010dky<\/figcaption><\/figure><\/div>\n\n\n\n<p>Za\u017eil jsem spousty ferrat v&nbsp;rakousk\u00fdch Alp\u00e1ch a\u017e do obt\u00ed\u017enosti\nE\/F, ale tohle bylo mnohem n\u00e1ro\u010dn\u011bj\u0161\u00ed: fyzicky i psychicky. Jeskyn\u011b je sv\u011bt, ze\nkter\u00e9ho \u010di\u0161\u00ed respekt a pokora. Jakmile jsem vylezl, roztekl jsem se na tr\u00e1vu\nvedle kostela a \u0159\u00edkal si \u201enikdy v\u00edce\u201c, ale te\u010f v\u00edm, \u017ee se sem jednou vr\u00e1t\u00edm\u2026<\/p>\n","protected":false},"excerpt":{"rendered":"<p>P\u00ed\u0161ou, \u017ee speleoferrata je nejdobrodru\u017en\u011bj\u0161\u00ed a nejzaj\u00edmav\u011bj\u0161\u00ed&nbsp;jeskynn\u00ed trasou Moravsk\u00e9ho krasu. Pro m\u011b to bylo dokonal\u00e9 sado-maso od 1. do 120. minuty, kdy jsem si s\u00e1hl na dno fyzick\u00e9, psychick\u00e9 i jeskynn\u00ed. Kdy\u017e jsem dostal od p\u0159\u00e1tel poukaz, byl jsem nad\u0161en\u00fd. Ferrat\u00e1m jsem propadl u\u017e p\u0159ed lety, a tak se v\u00fdlet jevil jako geni\u00e1ln\u00ed n\u00e1pad. Dostal&#8230;<\/p>\n","protected":false},"author":10,"featured_media":0,"comment_status":"closed","ping_status":"open","sticky":false,"template":"","format":"standard","meta":{"footnotes":""},"categories":[4],"tags":[],"class_list":["post-642","post","type-post","status-publish","format-standard","hentry","category-ze-zivota"],"_links":{"self":[{"href":"https:\/\/radim.martynek.cz\/index.php?rest_route=\/wp\/v2\/posts\/642","targetHints":{"allow":["GET"]}}],"collection":[{"href":"https:\/\/radim.martynek.cz\/index.php?rest_route=\/wp\/v2\/posts"}],"about":[{"href":"https:\/\/radim.martynek.cz\/index.php?rest_route=\/wp\/v2\/types\/post"}],"author":[{"embeddable":true,"href":"https:\/\/radim.martynek.cz\/index.php?rest_route=\/wp\/v2\/users\/10"}],"replies":[{"embeddable":true,"href":"https:\/\/radim.martynek.cz\/index.php?rest_route=%2Fwp%2Fv2%2Fcomments&post=642"}],"version-history":[{"count":9,"href":"https:\/\/radim.martynek.cz\/index.php?rest_route=\/wp\/v2\/posts\/642\/revisions"}],"predecessor-version":[{"id":654,"href":"https:\/\/radim.martynek.cz\/index.php?rest_route=\/wp\/v2\/posts\/642\/revisions\/654"}],"wp:attachment":[{"href":"https:\/\/radim.martynek.cz\/index.php?rest_route=%2Fwp%2Fv2%2Fmedia&parent=642"}],"wp:term":[{"taxonomy":"category","embeddable":true,"href":"https:\/\/radim.martynek.cz\/index.php?rest_route=%2Fwp%2Fv2%2Fcategories&post=642"},{"taxonomy":"post_tag","embeddable":true,"href":"https:\/\/radim.martynek.cz\/index.php?rest_route=%2Fwp%2Fv2%2Ftags&post=642"}],"curies":[{"name":"wp","href":"https:\/\/api.w.org\/{rel}","templated":true}]}}