{"id":83,"date":"2016-04-27T09:05:18","date_gmt":"2016-04-27T08:05:18","guid":{"rendered":"http:\/\/radim.martynek.cz\/?p=83"},"modified":"2016-04-27T09:05:18","modified_gmt":"2016-04-27T08:05:18","slug":"akademicke-tituly-v-praxi-ii","status":"publish","type":"post","link":"https:\/\/radim.martynek.cz\/?p=83","title":{"rendered":"Akademick\u00e9 tituly v praxi II."},"content":{"rendered":"<p>V prvn\u00edm d\u00edle jsem se zm\u00ednil, \u017ee mne jeden pan tajemn\u00edk v\u00a0pr\u016fb\u011bhu telefonick\u00e9ho rozhovoru oslovil \u201epane magist\u0159e\u201c. M\u011bl jsem na to reagovat? Rozhodn\u011b ne! V\u00a0etiket\u011b plat\u00ed, \u017ee <strong>na proh\u0159e\u0161ky proti pravidl\u016fm spole\u010densk\u00e9ho chov\u00e1n\u00ed neupozor\u0148ujeme.<\/strong><br \/>\nJen si p\u0159edstavte situaci, \u017ee p\u0159i zased\u00e1n\u00ed zastupitelstva n\u011bkter\u00fd z\u00a0ob\u010dan\u016f necht\u011b oslov\u00ed zastupitele Mgr. Jana Dvo\u0159\u00e1ka slovy <strong><em>\u201epane doktore\u201c.<\/em> <\/strong>Jak by se onen ob\u010dan c\u00edtil, kdyby ho pan zastupitel p\u0159ed davem lid\u00ed opravil slovy: <strong><em>\u201eAle j\u00e1 nejsem doktor \u2013 j\u00e1 jsem PAN magistr!\u201c<\/em><\/strong><\/p>\n<p>Ne\u017e vstoup\u00edme do kancel\u00e1\u0159e zam\u011bstnance na \u00fa\u0159ad\u011b nebo ve spole\u010dnosti, m\u011bli bychom si <strong>d\u016fkladn\u011b pro\u010d\u00edst cedulku na dve\u0159\u00edch<\/strong> a zjistit, jak\u00e1 je funkce a titul \u010dlov\u011bka, za kter\u00fdm jdeme. A\u00a0pro\u010d n\u00e1s zaj\u00edm\u00e1 funkce?<\/p>\n<p><strong>P\u0159\u00edklad:<\/strong> M\u00e1te nad\u0159\u00edzen\u00e9ho, kter\u00fd je \u2013 dejme tomu \u2013 in\u017een\u00fdr, docent a jmenuje se Dvo\u0159\u00e1\u010dek. Jak ho spr\u00e1vn\u011b oslov\u00edme?<\/p>\n<ol>\n<li>Pane docente?<\/li>\n<li>Pane in\u017een\u00fdre?<\/li>\n<li>Pane Dvo\u0159\u00e1\u010dek?<\/li>\n<\/ol>\n<p>Varianta t\u0159et\u00ed je zcela mimo \u2013\u00a0 <strong>oslovujeme p\u00e1t\u00fdm p\u00e1dem.<\/strong> Varianta druh\u00e1 je o n\u011bco lep\u0161\u00ed, av\u0161ak in\u017een\u00fdr\u016f m\u016f\u017ee b\u00fdt na \u00fa\u0159ad\u011b mnoho. Varianta prvn\u00ed zd\u00e1 se nejlep\u0161\u00ed, nebo\u0165 docent \u201eje v\u00edc\u201c ne\u017e in\u017een\u00fdr, av\u0161ak docentem bude oslovovan\u00fd pro sv\u00e9 studenty nebo kolegy na akademick\u00e9 p\u016fd\u011b.<\/p>\n<p>Zad\u00e1n\u00ed zn\u011blo: <strong>M\u00e1te nad\u0159\u00edzen\u00e9ho\u2026<\/strong> Pro ka\u017ed\u00e9ho z\u00a0n\u00e1s je <strong>nejv\u00fdznamn\u011bj\u0161\u00ed funkce.<\/strong> Nem\u016f\u017eeme tajemn\u00edka oslovit <strong><em>\u201epane in\u017een\u00fdre\u201c. <\/em><\/strong>In\u017een\u00fdr\u016f m\u016f\u017ee b\u00fdt na \u00fa\u0159ad\u011b cel\u00e1 \u0159ada, ale on jedin\u00fd je \u201etajemn\u00edk\u201c (vedouc\u00ed \u00fa\u0159adu).<\/p>\n<p>Oslovujeme tedy podle toho, co je nejvy\u0161\u0161\u00ed, a nejvy\u0161\u0161\u00ed je to, \u010deho je v\u00a0dan\u00e9 skupin\u011b nejm\u00e9n\u011b (co je \u201enejvz\u00e1cn\u011bj\u0161\u00ed\u201c). V\u00a0na\u0161em p\u0159\u00edpad\u011b to je funkce. Nem\u00e1-li u\u017eivatel v\u00fdznamnou funkci, oslov\u00edme jej titulem (pane in\u017een\u00fdre). Nem\u00e1-li akademick\u00fd titul, oslov\u00edme jej p\u0159\u00edjmen\u00edm (pane Nov\u00e1ku).<\/p>\n<p>S\u00a0klesaj\u00edc\u00ed m\u00edrou form\u00e1lnosti kles\u00e1 i nutnost oslovovat podle t\u011bchto pravidel. Sl\u00fdch\u00e1v\u00e1me p\u0159eci, \u017ee pod\u0159\u00edzen\u00ed oslovuj\u00ed nad\u0159\u00edzen\u00e9 \u201e\u0161\u00e9fe\u201c, \u201eHanko\u201c nebo \u201edrah\u00fd\/drah\u00e1\u201c.<\/p>\n","protected":false},"excerpt":{"rendered":"<p>V prvn\u00edm d\u00edle jsem se zm\u00ednil, \u017ee mne jeden pan tajemn\u00edk v\u00a0pr\u016fb\u011bhu telefonick\u00e9ho rozhovoru oslovil \u201epane magist\u0159e\u201c. M\u011bl jsem na to reagovat? Rozhodn\u011b ne! V\u00a0etiket\u011b plat\u00ed, \u017ee na proh\u0159e\u0161ky proti pravidl\u016fm spole\u010densk\u00e9ho chov\u00e1n\u00ed neupozor\u0148ujeme. Jen si p\u0159edstavte situaci, \u017ee p\u0159i zased\u00e1n\u00ed zastupitelstva n\u011bkter\u00fd z\u00a0ob\u010dan\u016f necht\u011b oslov\u00ed zastupitele Mgr. Jana Dvo\u0159\u00e1ka slovy \u201epane doktore\u201c. Jak by&#8230;<\/p>\n","protected":false},"author":10,"featured_media":0,"comment_status":"open","ping_status":"open","sticky":false,"template":"","format":"standard","meta":{"footnotes":""},"categories":[5],"tags":[],"class_list":["post-83","post","type-post","status-publish","format-standard","hentry","category-z-prace"],"_links":{"self":[{"href":"https:\/\/radim.martynek.cz\/index.php?rest_route=\/wp\/v2\/posts\/83","targetHints":{"allow":["GET"]}}],"collection":[{"href":"https:\/\/radim.martynek.cz\/index.php?rest_route=\/wp\/v2\/posts"}],"about":[{"href":"https:\/\/radim.martynek.cz\/index.php?rest_route=\/wp\/v2\/types\/post"}],"author":[{"embeddable":true,"href":"https:\/\/radim.martynek.cz\/index.php?rest_route=\/wp\/v2\/users\/10"}],"replies":[{"embeddable":true,"href":"https:\/\/radim.martynek.cz\/index.php?rest_route=%2Fwp%2Fv2%2Fcomments&post=83"}],"version-history":[{"count":2,"href":"https:\/\/radim.martynek.cz\/index.php?rest_route=\/wp\/v2\/posts\/83\/revisions"}],"predecessor-version":[{"id":85,"href":"https:\/\/radim.martynek.cz\/index.php?rest_route=\/wp\/v2\/posts\/83\/revisions\/85"}],"wp:attachment":[{"href":"https:\/\/radim.martynek.cz\/index.php?rest_route=%2Fwp%2Fv2%2Fmedia&parent=83"}],"wp:term":[{"taxonomy":"category","embeddable":true,"href":"https:\/\/radim.martynek.cz\/index.php?rest_route=%2Fwp%2Fv2%2Fcategories&post=83"},{"taxonomy":"post_tag","embeddable":true,"href":"https:\/\/radim.martynek.cz\/index.php?rest_route=%2Fwp%2Fv2%2Ftags&post=83"}],"curies":[{"name":"wp","href":"https:\/\/api.w.org\/{rel}","templated":true}]}}